{"id":113680,"date":"2021-03-24T12:03:46","date_gmt":"2021-03-24T16:03:46","guid":{"rendered":"https:\/\/linitiative.ca\/International\/cameroun-le-ministre-atanga-nji-instruit-larrestation-des-pasteurs-qui-nient-lexistence-du-coronavirus\/"},"modified":"2021-03-24T12:03:46","modified_gmt":"2021-03-24T16:03:46","slug":"cameroun-le-ministre-atanga-nji-instruit-larrestation-des-pasteurs-qui-nient-lexistence-du-coronavirus","status":"publish","type":"post","link":"https:\/\/linitiative.ca\/International\/cameroun-le-ministre-atanga-nji-instruit-larrestation-des-pasteurs-qui-nient-lexistence-du-coronavirus\/","title":{"rendered":"Cameroun : le ministre Atanga Nji instruit l\u2019arrestation des pasteurs qui nient l\u2019existence du coronavirus"},"content":{"rendered":"<div readability=\"32\">\n<p>Publi\u00e9 le 24.03.2021 \u00e0 17h03 par JournalduCameroun.com<\/p>\n<\/div>\n<div readability=\"73\">\n<h5 class=\"c8\">Le patron de l\u2019Administration territoriale demande aux gouverneurs de fermer les \u00e9glises de r\u00e9veil o\u00f9 des pr\u00eaches n\u00e9gationnistes de la pand\u00e9mie sont pratiqu\u00e9s.<\/h5>\n<p class=\"c9\"><strong>Paul Atanga Nji<\/strong>, le ministre de l\u2019Administration territoriale (Minat) vient de monter au cr\u00e9neau contre les <strong>\u00e9glises de r\u00e9veil<\/strong> anti-covid. Dans une note adress\u00e9e ce 24 mars 2021 aux gouverneurs de r\u00e9gion, le Minat d\u00e9clare qu\u2019il lui a \u00e9t\u00e9 donn\u00e9 de constater que <em>\u00ab\u00a0qu\u2019en d\u00e9pit des mesures prises par le gouvernement dans le cadre de la lutte contre la propagation du coronavirus, notamment le respect scrupuleux des mesures barri\u00e8res, plusieurs pasteurs des \u00e9glises dites de r\u00e9veil, qui n\u2019ont en r\u00e9alit\u00e9 aucune existence l\u00e9gale au Cameroun, continuent de v\u00e9hiculer des messages qui vont \u00e0 l\u2019encontre des tr\u00e8s hautes instructions du chef de l\u2019Etat\u00a0\u00bb<\/em>.<\/p>\n<p class=\"c9\">Cette d\u00e9fiance prend en effet la forme de rejet des mesures barri\u00e8res. <em>\u00ab\u00a0Certains pasteurs interdisent \u00e0 leurs fid\u00e8les le port du masque, d\u2019autres rejettent le protocole de traitement valid\u00e9 par le Gouvernement. D\u2019autres encore, dans une forme de charlatanisme, pr\u00e9tendent que le coronavirus n\u2019existe pas et que, quand bien m\u00eame cette maladie existerait, il suffirait d\u2019\u00e9lever des pri\u00e8res pour s\u2019en pr\u00e9munir. Il y en a m\u00eame qui pr\u00e9tendent administrer un traitement aux malades atteints de COVID-19 \u00e0 base d\u2019eau simple, qu\u2019ils pr\u00e9sentent aux fid\u00e8les comme \u00e9tant de l\u2019eau b\u00e9nite\u00a0\u00bb,<\/em> constate le ministre Paul Atanga Nji.<\/p>\n<p class=\"c9\">Ce dernier r\u00e9v\u00e8le d\u2019ailleurs que <em>\u00ab\u00a0l\u2019ann\u00e9e derni\u00e8re d\u00e9j\u00e0, plusieurs enfants fr\u00e9quentant les \u00e9glises en cause n\u2019ont pas pr\u00e9sent\u00e9 les examens officiels, au motif fallacieux que leurs pasteurs leur ont interdit de porter le masque, pourtant exig\u00e9 pour acc\u00e9der aux salles d\u2019examen\u00a0\u00bb.<\/em><\/p>\n<p class=\"c9\">Pour toutes ces raisons, le patron de la territoriale instruit les gouverneurs de r\u00e9gion <em>\u00ab de proc\u00e9der \u00e0 la fermeture syst\u00e9matique des \u00e9glises dont les pasteurs tiennent des discours contraires aux mesures \u00e9dict\u00e9es par le Gouvernement en vue de freiner la propagation du Covid-19\u00a0\u00bb<\/em>. Les pasteurs promoteurs de ces \u00e9glises seront par ailleurs <em>\u00ab\u00a0interpell\u00e9s pour r\u00e9pondre de leurs actes devant les juridictions comp\u00e9tentes\u00a0\u00bb<\/em>.<\/p>\n<p class=\"c9\">Le <strong>Cameroun<\/strong> connait depuis quelques mois une r\u00e9surgence des cas de <strong>coronavirus<\/strong>. Ce qui fait craindre une nouvelle vague de contaminations. A ce jour, le pays compte plus de 700 morts, pour plus de 40\u00a0000 contaminations et plus de 30\u00a0000 r\u00e9missions.<\/p>\n<\/div>\n<p>Auteur: journalducameroun<br \/>\n<a href=\"https:\/\/www.journalducameroun.com\/cameroun-le-ministre-atanga-nji-instruit-larrestation-des-pasteurs-qui-nient-lexistence-du-coronavirus\/\">Cliquez ici pour lire l&rsquo;article depuis sa source.<\/a><\/p>\n","protected":false},"excerpt":{"rendered":"<p>Publi\u00e9 le 24.03.2021 \u00e0 17h03 par JournalduCameroun.com Le patron de l\u2019Administration territoriale demande aux gouverneurs de fermer les \u00e9glises de r\u00e9veil o\u00f9 des pr\u00eaches n\u00e9gationnistes de la pand\u00e9mie sont pratiqu\u00e9s. Paul Atanga Nji, le ministre de l\u2019Administration territoriale (Minat) vient de monter au cr\u00e9neau contre les \u00e9glises de r\u00e9veil anti-covid. Dans une note adress\u00e9e ce [&hellip;]<\/p>\n","protected":false},"author":1965,"featured_media":0,"comment_status":"closed","ping_status":"closed","sticky":false,"template":"","format":"standard","meta":{"fifu_image_url":"","fifu_image_alt":"","footnotes":""},"categories":[73,82],"tags":[],"class_list":["post-113680","post","type-post","status-publish","format-standard","hentry","category-actualite","category-cameroun"],"_links":{"self":[{"href":"https:\/\/linitiative.ca\/International\/wp-json\/wp\/v2\/posts\/113680","targetHints":{"allow":["GET"]}}],"collection":[{"href":"https:\/\/linitiative.ca\/International\/wp-json\/wp\/v2\/posts"}],"about":[{"href":"https:\/\/linitiative.ca\/International\/wp-json\/wp\/v2\/types\/post"}],"author":[{"embeddable":true,"href":"https:\/\/linitiative.ca\/International\/wp-json\/wp\/v2\/users\/1965"}],"replies":[{"embeddable":true,"href":"https:\/\/linitiative.ca\/International\/wp-json\/wp\/v2\/comments?post=113680"}],"version-history":[{"count":0,"href":"https:\/\/linitiative.ca\/International\/wp-json\/wp\/v2\/posts\/113680\/revisions"}],"wp:attachment":[{"href":"https:\/\/linitiative.ca\/International\/wp-json\/wp\/v2\/media?parent=113680"}],"wp:term":[{"taxonomy":"category","embeddable":true,"href":"https:\/\/linitiative.ca\/International\/wp-json\/wp\/v2\/categories?post=113680"},{"taxonomy":"post_tag","embeddable":true,"href":"https:\/\/linitiative.ca\/International\/wp-json\/wp\/v2\/tags?post=113680"}],"curies":[{"name":"wp","href":"https:\/\/api.w.org\/{rel}","templated":true}]}}