{"id":113681,"date":"2021-03-24T03:59:19","date_gmt":"2021-03-24T07:59:19","guid":{"rendered":"https:\/\/linitiative.ca\/International\/financement-la-bourse-sous-regionale-a-la-cote\/"},"modified":"2021-03-24T03:59:19","modified_gmt":"2021-03-24T07:59:19","slug":"financement-la-bourse-sous-regionale-a-la-cote","status":"publish","type":"post","link":"https:\/\/linitiative.ca\/International\/financement-la-bourse-sous-regionale-a-la-cote\/","title":{"rendered":"Financement : la bourse sous r\u00e9gionale a la c\u00f4te"},"content":{"rendered":"<p>Fr\u00e9missement sur le march\u00e9 financier sous r\u00e9gional. Le 20 mars dernier, se cl\u00f4turaient les souscriptions de l\u2019appel \u00e0 l\u2019\u00e9pargne public lanc\u00e9 par la R\u00e9publique du Congo sur le march\u00e9 financier r\u00e9gional de la Communaut\u00e9 \u00e9conomique et mon\u00e9taire de l\u2019Afrique centrale(Cemac). Cet emprunt obligataire de 100 milliards de FCFA d\u00e9nomm\u00e9 \u00ab EOCG 6,25% NET 2021-2026 \u00bb est assorti d\u2019un taux d\u2019int\u00e9r\u00eat de 6,25% pour une maturit\u00e9 de 5 ans. En attendant les r\u00e9sultats de l\u2019op\u00e9ration qui selon des sources sur la place boursi\u00e8re devraient plut\u00f4t \u00eatre favorables, l\u2019on sait que les fonds lev\u00e9s par la R\u00e9publique du Congo serviront \u00e0 financer les projets inscrits dans la loi des finances 2021 \u00ab qui ont vocation \u00e0 contribuer au d\u00e9veloppement \u00e9conomique et social du pays, ainsi qu\u2019\u00e0 l\u2019apurement partiel de la dette int\u00e9rieure \u00bb peut-on lire sur le communiqu\u00e9 d\u2019annonce de cet emprunt.<\/p>\n<p><strong>Lire aussi<\/strong> : <strong><a href=\"https:\/\/ecomatin.net\/marche-financier-le-congo-veut-introduire-quatre-entreprises-a-la-bvmac\/\">March\u00e9 financier : le Congo veut introduire quatre entreprises \u00e0 la BVMAC<\/a><\/strong><\/p>\n<p>Cette op\u00e9ration est la deuxi\u00e8me du genre qui se d\u00e9roule en l\u2019espace de quelques mois \u00e0 la Bourse des valeurs mobili\u00e8res d\u2019Afrique Centrale (Bvmac). En d\u00e9cembre dernier, la Banque des Etats de l\u2019Afrique Centrale (Bdeac) avait r\u00e9ussi \u00e0 lever pr\u00e8s de 107 milliards sur le march\u00e9 financier. Pour l\u2019ann\u00e9e courante, l\u2019institution que pr\u00e9side Fortunato-Ofa Mbo Nchama devrait solliciter un montant pareil dans le cadre de son programme d\u2019investissement de 450 milliards. Toujours en 2021 le Tr\u00e9sor public gabonais entend \u00e9mettre un autre emprunt obligataire apr\u00e8s celui de 2019. Le montant n\u2019est pas connu, mais le pays d\u2019Ali Mbongo organise une campagne de s\u00e9duction des investisseurs \u00e0 travers les pays de la Cemac dont le Cameroun.<\/p>\n<p><strong>Lire aussi<\/strong> : <strong><a href=\"https:\/\/ecomatin.net\/marche-financier-la-bdeac-entre-en-bourse\/\">March\u00e9 financier : la BDEAC entre en bourse<\/a><\/strong><\/p>\n<p>Outre les emprunts obligataires, le compartiment des actions a \u00e9galement connu un fr\u00e9missement avec l\u2019introduction en bourse de la R\u00e9gionale S.A, \u00e9tablissement de microfinance de 2e cat\u00e9gorie qui a mis en vente des actions \u00e0 la Bourse des valeurs mobili\u00e8res de l\u2019Afrique centrale (Bvmac), \u00e0 l\u2019effet de proc\u00e9der \u00e0 une augmentation du capital dans le cadre de son processus de transformation en banque universelle. Une grande premi\u00e8re depuis l\u2019unification des deux places boursi\u00e8res sous r\u00e9gionales et qui t\u00e9moigne d\u2019une culture boursi\u00e8re en gestation.<\/p>\n<p><strong>Rupture de paradigme<\/strong><\/p>\n<p>Le dynamisme suscit\u00e9 jusqu\u2019ici vient rompre avec la tendance atone observ\u00e9e depuis la fusion de l\u2019ancienne Douala Stock-Exchanges (DSX) et de l\u2019ancienne Bourse des valeurs mobili\u00e8res de l\u2019Afrique centrale de Libreville (Gabon). Jusqu\u2019ici, le march\u00e9 financier de la Cemac \u00e9tait l\u2019un des moins actifs de toute l\u2019Afrique. Au 31 d\u00e9cembre 2020, la capitalisation boursi\u00e8re s\u2019est \u00e9tablie \u00e0 634,5 milliards de FCFA contre 735,6 milliards en 2019. Soit une baisse de 14% (-0,26% pour les actions et -14% pour les obligations). L\u2019on est bien loin de l\u2019objectif de 1200 milliards avec l\u2019hypoth\u00e8se de six soci\u00e9t\u00e9s cot\u00e9es \u00e0 raison d\u2019une par pays annonc\u00e9 par le Directeur g\u00e9n\u00e9ral de la Bvmac en d\u00e9but d\u2019ann\u00e9e derni\u00e8re. \u00ab Cette baisse s\u2019explique essentiellement par le rachat partiel de certains titres obligataires et la radiation de certaines valeurs\u00bb, justifie Jean Claude Mgbwa.<\/p>\n<p><strong>La participation des Etats reste attendue<\/strong><\/p>\n<p>Si la question de la cotation des entreprises publiques est remise au go\u00fbt du jour, c\u2019est bien parce qu\u2019elle figure parmi les piliers de cette dynamisation du march\u00e9 financier. R\u00e9unis le 2 octobre 2019 \u00e0 Yaound\u00e9, les membres du Comit\u00e9 minist\u00e9riel de l\u2019Union mon\u00e9taire de l\u2019Afrique centrale (Umac) avaient en effet adopt\u00e9 le r\u00e8glement relatif \u00e0 l\u2019introduction en bourse des participations des \u00c9tats et de leurs d\u00e9membrements, dans les entreprises exer\u00e7ant dans la Cemac. Une disposition qui peine \u00e0 \u00eatre appliqu\u00e9e par toutes les parties prenantes. A ce jour, seuls la Guin\u00e9e Equatoriale et la R\u00e9publique du Congo se sont d\u00e9j\u00e0 arrim\u00e9s \u00e0 cette norme communautaire. Les autres, dont le Cameroun, observent encore. \u00ab Les Etats doivent pr\u00eacher par l\u2019exemple \u00bb commente un chef d\u2019entreprise. Pourtant au-del\u00e0 de cette frilosit\u00e9, le march\u00e9 financier repr\u00e9sente un atout ind\u00e9niable pour les entreprises qui pourront se financer de mani\u00e8re directe, sans plus passer par les \u00e9tablissements bancaires qui demandent des garanties.<\/p>\n<p><strong>Lire aussi<\/strong> : <strong><a href=\"https:\/\/ecomatin.net\/marche-financier-sur-les-sentiers-de-la-dynamisation\/\">March\u00e9 financier : sur les sentiers de la dynamisation<\/a><\/strong><\/p>\n<p>Auteur: Cedrick JIONGO<br \/>\n<a href=\"https:\/\/ecomatin.net\/financement-la-bourse-sous-regionale-a-la-cote\/\">Cliquez ici pour lire l&rsquo;article depuis sa source.<\/a><\/p>\n","protected":false},"excerpt":{"rendered":"<p>Fr\u00e9missement sur le march\u00e9 financier sous r\u00e9gional. Le 20 mars dernier, se cl\u00f4turaient les souscriptions de l\u2019appel \u00e0 l\u2019\u00e9pargne public lanc\u00e9 par la R\u00e9publique du Congo sur le march\u00e9 financier r\u00e9gional de la Communaut\u00e9 \u00e9conomique et mon\u00e9taire de l\u2019Afrique centrale(Cemac). Cet emprunt obligataire de 100 milliards de FCFA d\u00e9nomm\u00e9 \u00ab EOCG 6,25% NET 2021-2026 \u00bb [&hellip;]<\/p>\n","protected":false},"author":1969,"featured_media":0,"comment_status":"closed","ping_status":"closed","sticky":false,"template":"","format":"standard","meta":{"fifu_image_url":"","fifu_image_alt":"","footnotes":""},"categories":[82,78],"tags":[],"class_list":["post-113681","post","type-post","status-publish","format-standard","hentry","category-cameroun","category-economie"],"_links":{"self":[{"href":"https:\/\/linitiative.ca\/International\/wp-json\/wp\/v2\/posts\/113681","targetHints":{"allow":["GET"]}}],"collection":[{"href":"https:\/\/linitiative.ca\/International\/wp-json\/wp\/v2\/posts"}],"about":[{"href":"https:\/\/linitiative.ca\/International\/wp-json\/wp\/v2\/types\/post"}],"author":[{"embeddable":true,"href":"https:\/\/linitiative.ca\/International\/wp-json\/wp\/v2\/users\/1969"}],"replies":[{"embeddable":true,"href":"https:\/\/linitiative.ca\/International\/wp-json\/wp\/v2\/comments?post=113681"}],"version-history":[{"count":0,"href":"https:\/\/linitiative.ca\/International\/wp-json\/wp\/v2\/posts\/113681\/revisions"}],"wp:attachment":[{"href":"https:\/\/linitiative.ca\/International\/wp-json\/wp\/v2\/media?parent=113681"}],"wp:term":[{"taxonomy":"category","embeddable":true,"href":"https:\/\/linitiative.ca\/International\/wp-json\/wp\/v2\/categories?post=113681"},{"taxonomy":"post_tag","embeddable":true,"href":"https:\/\/linitiative.ca\/International\/wp-json\/wp\/v2\/tags?post=113681"}],"curies":[{"name":"wp","href":"https:\/\/api.w.org\/{rel}","templated":true}]}}