{"id":113683,"date":"2021-03-24T04:36:52","date_gmt":"2021-03-24T08:36:52","guid":{"rendered":"https:\/\/linitiative.ca\/International\/consommation-incertitudes-sur-la-livraison-de-pain-a-bertoua\/"},"modified":"2021-03-24T04:36:52","modified_gmt":"2021-03-24T08:36:52","slug":"consommation-incertitudes-sur-la-livraison-de-pain-a-bertoua","status":"publish","type":"post","link":"https:\/\/linitiative.ca\/International\/consommation-incertitudes-sur-la-livraison-de-pain-a-bertoua\/","title":{"rendered":"Consommation : incertitudes sur la livraison de pain \u00e0 Bertoua"},"content":{"rendered":"<p>Les livreurs ind\u00e9pendants de pain dans la ville de Bertoua, chef-lieu de la r\u00e9gion de l\u2019Est, sont en col\u00e8re. Ces derniers reprochent aux boulangers, \u00ab l\u2019augmentation unilat\u00e9rale du prix du pain \u00e0 la sortie d\u2019usine \u00bb. Et un tour dans les boulangeries de la ville confirme d\u2019ailleurs cette version. \u00ab Il est port\u00e9 \u00e0 la connaissance des livreurs que, d\u00e8s le lundi 15 mars 2021, le pain leur sera d\u00e9sormais livr\u00e9 \u00e0 80 FCFA \u00bb, peut-on lire \u00e0 l\u2019entr\u00e9e des salles de machines d\u2019une boulangerie dans la ville. Avec ce nouveau prix, les distributeurs ind\u00e9pendants estiment alors que \u00ab notre marge b\u00e9n\u00e9ficiaire est r\u00e9duite d\u2019un tiers. Avant cette augmentation, le pain \u00e0 la sortie d\u2019usine co\u00fbtait 70 FCFA. Nous avions 15 FCFA de b\u00e9n\u00e9fice. Du jour au lendemain, et sans concertation, nous perdons 5 FCFA\u00bb, explique un livreur en pr\u00e9cisant que \u00ab c\u2019est pour cette raison que nous avons observ\u00e9 un mouvement d\u2019humeur le lundi 15 mars pour que la situation revienne \u00e0 la normale \u00bb.<\/p>\n<p><strong>Lire aussi<\/strong> : <strong><a href=\"https:\/\/ecomatin.net\/menace-de-hausse-du-prix-du-pain-des-minotiers-se-desolidarisent-de-la-demarche-de-leur-groupement\/\">Menace de hausse du prix du pain : des minotiers se d\u00e9solidarisent de la d\u00e9marche de leur groupement<\/a><\/strong><\/p>\n<p>De leur c\u00f4t\u00e9, les boulanger crient \u00e0 la r\u00e9duction des b\u00e9n\u00e9fices. Et accusent les grossistes : \u00ab Nous ne nous en sortons plus depuis que les grossistes nous font subir cette hausse des prix. Et c\u2019est apr\u00e8s avoir \u00e9tudi\u00e9 tous les contours de l\u2019affaire que notre chef a propos\u00e9 cette augmentation \u00e0 ses coll\u00e8gues qui l\u2019ont valid\u00e9e \u00bb, souffle un cadre de la boulangerie Pain d\u2019Or. Il reconna\u00eet que \u00ab nous n\u2019avons effectivement pas consult\u00e9 les livreurs ind\u00e9pendants\u00bb. Pour les propri\u00e9t\u00e9s des grands magasins, il y a eu effectivement l\u2019augmentation du prix du sac de 50 kg de farine de bl\u00e9. \u00ab Elle est la r\u00e9sultante d\u2019une concertation entre le minist\u00e8re du Commerce et les minotiers du Cameroun. Nous avons appris que, par deux fois, ils \u00e9taient all\u00e9s rencontrer le ministre pour lui pr\u00e9senter la d\u00e9licate situation qu\u2019ils vivent depuis le d\u00e9clenchement de la pand\u00e9mie de Covid-19\u00bb.<\/p>\n<p><strong>Lire aussi<\/strong> : <strong><a href=\"https:\/\/ecomatin.net\/consommation-des-menages-le-prix-du-logement-grimpe-a-douala-en-janvier-2021\/\">Consommation des m\u00e9nages : le prix du logement grimpe \u00e0 Douala en janvier 2021<\/a><\/strong><\/p>\n<p>Selon nos sources, les importateurs de bl\u00e9 croient qu\u2019une des voies de sortie de crise, sinon la principale, est la retouche \u00e0 la hausse du prix du sac de farine. \u00ab Alors que le Cameroun avait pr\u00e9vu l\u2019importation de 900 000 tonnes de bl\u00e9 en 2020 (contre 830 000 tonnes en 2019), la Covid-19 est pass\u00e9e par l\u00e0 \u00bb, explique-t-on au minist\u00e8re du Commerce. La p\u00e9nurie est justifi\u00e9e par la suspension, jusqu\u2019au 1er juillet 2020, des exportations par la Russie, principal fournisseur du Cameroun (40% des importations en 2017), question de \u00ab s\u00e9curiser son march\u00e9 int\u00e9rieur dans ce contexte de pand\u00e9mie de coronavirus \u00bb.<\/p>\n<p><strong>Lire aussi<\/strong> : <strong><a href=\"https:\/\/ecomatin.net\/consommation-des-menages-les-vetements-et-chaussures-responsables-de-la-vie-chere\/\">Consommation des m\u00e9nages : les v\u00eatements et chaussures responsables de la vie ch\u00e8re<\/a><\/strong><\/p>\n<p>Sur le terrain, la disponibilit\u00e9 de pain dans la ville de Bertoua est hypoth\u00e9qu\u00e9e du fait que des boutiquiers sont contraints d\u2019aller eux-m\u00eames acheter le pain dans les boulangeries alors qu\u2019ils ne gagnent pas grande chose. \u00ab Depuis lundi j\u2019ach\u00e8te moi-m\u00eame mon pain \u00e0 la boulangerie puisque mon livreur ne vient plus. Je suis aussi d\u00e9courag\u00e9 \u00e0 vendre le pain et je crois que si la situation persiste, je vais arr\u00eater de vendre le pain parce que je gagne seulement 10 frs sur une baguette de pain vendu, c\u2019est insignifiant \u00bb, s\u2019indigne un boutiquier d\u2019origine malienne au quartier Houssa. Au quartier Mokolo 2, Liliane qui vient d\u2019ouvrir une petite boutique est du m\u00eame avis. \u00ab Je ne vends plus le pain depuis lundi dernier parce que je ne peux pas payer le taxi pour aller prendre le pain \u00e0 la boulangerie pour gagner seulement 10 frs \u00bb, affirme-t-elle.<\/p>\n<p><strong>Martin Foula<\/strong><\/p>\n<p>Auteur: EcoMatin<br \/>\n<a href=\"https:\/\/ecomatin.net\/consommation-incertitudes-sur-la-livraison-de-pain-a-bertoua\/\">Cliquez ici pour lire l&rsquo;article depuis sa source.<\/a><\/p>\n","protected":false},"excerpt":{"rendered":"<p>Les livreurs ind\u00e9pendants de pain dans la ville de Bertoua, chef-lieu de la r\u00e9gion de l\u2019Est, sont en col\u00e8re. Ces derniers reprochent aux boulangers, \u00ab l\u2019augmentation unilat\u00e9rale du prix du pain \u00e0 la sortie d\u2019usine \u00bb. Et un tour dans les boulangeries de la ville confirme d\u2019ailleurs cette version. \u00ab Il est port\u00e9 \u00e0 la [&hellip;]<\/p>\n","protected":false},"author":1969,"featured_media":0,"comment_status":"closed","ping_status":"closed","sticky":false,"template":"","format":"standard","meta":{"fifu_image_url":"","fifu_image_alt":"","footnotes":""},"categories":[82,78],"tags":[],"class_list":["post-113683","post","type-post","status-publish","format-standard","hentry","category-cameroun","category-economie"],"_links":{"self":[{"href":"https:\/\/linitiative.ca\/International\/wp-json\/wp\/v2\/posts\/113683","targetHints":{"allow":["GET"]}}],"collection":[{"href":"https:\/\/linitiative.ca\/International\/wp-json\/wp\/v2\/posts"}],"about":[{"href":"https:\/\/linitiative.ca\/International\/wp-json\/wp\/v2\/types\/post"}],"author":[{"embeddable":true,"href":"https:\/\/linitiative.ca\/International\/wp-json\/wp\/v2\/users\/1969"}],"replies":[{"embeddable":true,"href":"https:\/\/linitiative.ca\/International\/wp-json\/wp\/v2\/comments?post=113683"}],"version-history":[{"count":0,"href":"https:\/\/linitiative.ca\/International\/wp-json\/wp\/v2\/posts\/113683\/revisions"}],"wp:attachment":[{"href":"https:\/\/linitiative.ca\/International\/wp-json\/wp\/v2\/media?parent=113683"}],"wp:term":[{"taxonomy":"category","embeddable":true,"href":"https:\/\/linitiative.ca\/International\/wp-json\/wp\/v2\/categories?post=113683"},{"taxonomy":"post_tag","embeddable":true,"href":"https:\/\/linitiative.ca\/International\/wp-json\/wp\/v2\/tags?post=113683"}],"curies":[{"name":"wp","href":"https:\/\/api.w.org\/{rel}","templated":true}]}}