{"id":113690,"date":"2021-03-25T10:00:32","date_gmt":"2021-03-25T14:00:32","guid":{"rendered":"https:\/\/linitiative.ca\/International\/en-partenariat-avec-amdie-et-amcham-the-business-year-publie-son-premier-rapport-sur-leconomie-marocaine\/"},"modified":"2021-03-25T10:00:32","modified_gmt":"2021-03-25T14:00:32","slug":"en-partenariat-avec-amdie-et-amcham-the-business-year-publie-son-premier-rapport-sur-leconomie-marocaine","status":"publish","type":"post","link":"https:\/\/linitiative.ca\/International\/en-partenariat-avec-amdie-et-amcham-the-business-year-publie-son-premier-rapport-sur-leconomie-marocaine\/","title":{"rendered":"En partenariat avec AMDIE et AmCham : \u00abThe Business Year\u00bb publie son premier rapport sur l\u2019\u00e9conomie marocaine"},"content":{"rendered":"<header>\n<\/header>\n<div class=\"entry-content clearfix\" readability=\"50\">\n<figure class=\"post-thumbnail\" itemprop=\"associatedMedia\" itemscope=\"itemscope\" itemtype=\"http:\/\/schema.org\/ImageObject\"><img decoding=\"async\" class=\"post_layout_5_img\" src=\"http:\/\/aujourdhui.ma\/wp-content\/uploads\/2021\/03\/The-Business-Year-CEO-Ayse-Valentin-1.jpg\" alt=\"En partenariat avec AMDIE et AmCham : \u00abThe Business Year\u00bb publie son premier rapport sur l\u2019\u00e9conomie marocaine\"\/><\/figure>\n<p><span class=\"c5\"><strong>Dans le sillage de la publication inaugurale r\u00e9alis\u00e9e par \u00abThe Business Year\u00bb ( TBY ) d\u00e9di\u00e9 \u00e0 l\u2019\u00e9conomie marocaine, la PDG de TBY Ay\u015fe Valentin met l\u2019accent sur les diff\u00e9rentes th\u00e9matiques \u00e9conomiques dans le pays.<\/strong><\/span><span id=\"more-372003\"\/><\/p>\n<p>Ces recherches r\u00e9alis\u00e9es par TBY autour de l\u2019\u00e9conomie marocaine aboutissent \u00e0 une publication annuelle intitul\u00e9e: \u00abThe Business Year: Morocco\u00bb. Cette ann\u00e9e the Business Year vient de publier \u00abThe Business Year: Morocco 2020\/2021\u00bb. \u00abNous envisageons d\u2019accro\u00eetre la port\u00e9e et la r\u00e9activit\u00e9 de nos recherches en proposant \u00e0 nos lecteurs en 2021 de nouvelles analyses macro\u00e9conomiques principalement digitales, tout en conservant cette publication annuelle en version papier\u00bb, a d\u00e9clar\u00e9 la PDG. Cette publication annuelle a \u00e9t\u00e9 publi\u00e9e en d\u00e9cembre 2020. Elle a permis d\u2019analyser et de quantifier l\u2019ampleur de l\u2019impact de la pand\u00e9mie de la Covid-19 sur chacun des secteurs cl\u00e9s de l\u2019\u00e9conomie marocaine. Elle a \u00e9t\u00e9 produite en partenariat avec l\u2019Agence marocaine pour le d\u00e9veloppement des investissements et des exportations (AMDIE), ainsi qu\u2019avec la Chambre de commerce am\u00e9ricaine (AmCham).<\/p>\n<p>La publication \u00abThe Business Year : Morocco 2020\/21\u00bb regroupe plus de 100 entretiens r\u00e9alis\u00e9s aupr\u00e8s des personnalit\u00e9s politiques, mais aussi de chefs d\u2019entreprises parmi les plus \u00e9minents et qui ont contribu\u00e9 \u00e0 fa\u00e7onner l\u2019\u00e9conomie et l\u2019avenir du Maroc, en fournissant notamment des informations cl\u00e9s aux investisseurs \u00e0 un moment critique du d\u00e9veloppement du pays pendant cette crise sanitaire.<\/p>\n<\/div>\n<p>Auteur: ALM<br \/>\n<a href=\"https:\/\/aujourdhui.ma\/economie\/en-partenariat-avec-amdie-et-amcham-the-business-year-publie-son-premier-rapport-sur-leconomie-marocaine\">Cliquez ici pour lire l&rsquo;article depuis sa source.<\/a><\/p>\n","protected":false},"excerpt":{"rendered":"<p>Dans le sillage de la publication inaugurale r\u00e9alis\u00e9e par \u00abThe Business Year\u00bb ( TBY ) d\u00e9di\u00e9 \u00e0 l\u2019\u00e9conomie marocaine, la PDG de TBY Ay\u015fe Valentin met l\u2019accent sur les diff\u00e9rentes th\u00e9matiques \u00e9conomiques dans le pays. Ces recherches r\u00e9alis\u00e9es par TBY autour de l\u2019\u00e9conomie marocaine aboutissent \u00e0 une publication annuelle intitul\u00e9e: \u00abThe Business Year: Morocco\u00bb. Cette [&hellip;]<\/p>\n","protected":false},"author":1759,"featured_media":0,"comment_status":"closed","ping_status":"closed","sticky":false,"template":"","format":"standard","meta":{"fifu_image_url":"http:\/\/aujourdhui.ma\/wp-content\/uploads\/2021\/03\/The-Business-Year-CEO-Ayse-Valentin-1.jpg","fifu_image_alt":"En partenariat avec AMDIE et AmCham : \u00abThe Business Year\u00bb publie son premier rapport sur l\u2019\u00e9conomie marocaine","footnotes":""},"categories":[73,54],"tags":[],"class_list":["post-113690","post","type-post","status-publish","format-standard","hentry","category-actualite","category-maroc"],"_links":{"self":[{"href":"https:\/\/linitiative.ca\/International\/wp-json\/wp\/v2\/posts\/113690","targetHints":{"allow":["GET"]}}],"collection":[{"href":"https:\/\/linitiative.ca\/International\/wp-json\/wp\/v2\/posts"}],"about":[{"href":"https:\/\/linitiative.ca\/International\/wp-json\/wp\/v2\/types\/post"}],"author":[{"embeddable":true,"href":"https:\/\/linitiative.ca\/International\/wp-json\/wp\/v2\/users\/1759"}],"replies":[{"embeddable":true,"href":"https:\/\/linitiative.ca\/International\/wp-json\/wp\/v2\/comments?post=113690"}],"version-history":[{"count":0,"href":"https:\/\/linitiative.ca\/International\/wp-json\/wp\/v2\/posts\/113690\/revisions"}],"wp:attachment":[{"href":"https:\/\/linitiative.ca\/International\/wp-json\/wp\/v2\/media?parent=113690"}],"wp:term":[{"taxonomy":"category","embeddable":true,"href":"https:\/\/linitiative.ca\/International\/wp-json\/wp\/v2\/categories?post=113690"},{"taxonomy":"post_tag","embeddable":true,"href":"https:\/\/linitiative.ca\/International\/wp-json\/wp\/v2\/tags?post=113690"}],"curies":[{"name":"wp","href":"https:\/\/api.w.org\/{rel}","templated":true}]}}