{"id":113692,"date":"2021-03-25T11:00:51","date_gmt":"2021-03-25T15:00:51","guid":{"rendered":"https:\/\/linitiative.ca\/International\/lunfpa-et-le-reseau-anaruz-unissent-leurs-efforts\/"},"modified":"2021-03-25T11:00:51","modified_gmt":"2021-03-25T15:00:51","slug":"lunfpa-et-le-reseau-anaruz-unissent-leurs-efforts","status":"publish","type":"post","link":"https:\/\/linitiative.ca\/International\/lunfpa-et-le-reseau-anaruz-unissent-leurs-efforts\/","title":{"rendered":"L\u2019UNFPA et le R\u00e9seau Anaruz  unissent leurs efforts"},"content":{"rendered":"<header>\n<\/header>\n<div class=\"entry-content clearfix\" readability=\"62\">\n<figure class=\"post-thumbnail\" itemprop=\"associatedMedia\" itemscope=\"itemscope\" itemtype=\"http:\/\/schema.org\/ImageObject\"><img decoding=\"async\" class=\"post_layout_5_img\" src=\"http:\/\/aujourdhui.ma\/wp-content\/uploads\/2021\/03\/Violence-a-legard-des-femmes-et-mariage-des-enfants.jpg\" alt=\"L\u2019UNFPA et le R\u00e9seau Anaruz unissent leurs efforts\"\/><\/figure>\n<p><span class=\"c5\"><strong>Violence \u00e0 l\u2019\u00e9gard des femmes et mariage des enfants<\/strong><\/span><span id=\"more-372009\"\/><\/p>\n<p>Le Fonds des Nations Unies pour la population (UNFPA) et le R\u00e9seau Anaruz ont sign\u00e9 un accord de partenariat pour 2021 dans l\u2019objectif de renforcer l\u2019acc\u00e8s des femmes et des filles survivantes \u00e0 la violence aux services essentiels. Il s\u2019agit aussi \u00e0 travers ce partenariat de renforcer le plaidoyer contre le mariage des enfants. Ainsi, le R\u00e9seau et UNFPA vont agir ensemble pour contribuer \u00e0 assurer la continuit\u00e9 de la prise en charge des femmes survivantes \u00e0 la violence durant la crise du Covid-19, y compris l\u2019acc\u00e8s aux services de la cha\u00eene de prise en charge dans les associations du r\u00e9seau, notamment \u00e0 Oujda, Errachidia et Marrakech. Cette action conjointe visera \u00e9galement \u00e0 renforcer le plaidoyer contre le mariage d\u2019enfants, en poursuivant l\u2019action de sensibilisation et de mobilisation des d\u00e9cideurs autour du m\u00e9morandum sur le mariage des mineurs.<\/p>\n<p>Rappelons \u00e0 ce sujet que le FNUAP dans son rapport sur l\u2019\u00e9tat de la population mondiale, publi\u00e9 sous le th\u00e8me \u00abContre ma volont\u00e9 : refuser les pratiques qui nuisent aux femmes et aux filles et qui font obstacle \u00e0 l\u2019\u00e9galit\u00e9\u00bb avait r\u00e9v\u00e9l\u00e9 que le ph\u00e9nom\u00e8ne a atteint les 14% durant la p\u00e9riode 2005-2019. Notons que 32.000 demandes en mariage de mineurs avaient \u00e9t\u00e9 enregistr\u00e9es durant l\u2019ann\u00e9e 2019. Sur ces 32.000 demandes, 81% avaient \u00e9t\u00e9 approuv\u00e9es par les juges. Le FNUAP estime que le mariage des enfants engendre des co\u00fbts si lourds que son \u00e9radication doit devenir une priorit\u00e9 mondiale. Toujours selon le rapport, au Maroc, le taux de f\u00e9condit\u00e9 des adolescentes qui mesure le nombre de naissances pour 1.000 femmes \u00e2g\u00e9es de 15 \u00e0 19 ans s\u2019est \u00e9tabli \u00e0 19% sur la p\u00e9riode 2003-2018. Ces grossesses pr\u00e9coces ont de graves cons\u00e9quences sur la sant\u00e9 et le d\u00e9veloppement des jeunes filles.<\/p>\n<p>Le risque de d\u00e9c\u00e8s et d\u2019invalidit\u00e9 maternels est plus \u00e9lev\u00e9 chez les adolescentes que chez les femmes de plus de 20 ans. Dans le m\u00eame temps, les grossesses pr\u00e9coces limitent souvent l\u2019acc\u00e8s \u00e0 la scolarisation. Le travail conjoint men\u00e9 entre le FNUAP et le R\u00e9seau Anaruz s\u2019inscrit dans le cadre du projet de \u00abPromotion des droits \u00e0 la sant\u00e9 sexuelle et reproductive des femmes et des filles et de l\u2019\u00e9galit\u00e9 des genres au Maroc\u00bb mis en \u0153uvre avec l\u2019appui de l\u2019ambassade du Canada au Maroc.<\/p>\n<p>UNFPA qui cl\u00f4ture cette ann\u00e9e son 9\u00e8me cycle de coop\u00e9ration avec le Gouvernement marocain continue son appui au progr\u00e8s du pays. Il m\u00e8ne dans ce cadre un partenariat strat\u00e9gique avec le r\u00e9seau Anaruz pour promouvoir les droits des femmes et des filles et renforcer la pr\u00e9vention et la prise en charge de la violence bas\u00e9e sur le genre.<\/p>\n<\/div>\n<p>Auteur: ALM<br \/>\n<a href=\"https:\/\/aujourdhui.ma\/societe\/lunfpa-et-le-reseau-anaruz-unissent-leurs-efforts\">Cliquez ici pour lire l&rsquo;article depuis sa source.<\/a><\/p>\n","protected":false},"excerpt":{"rendered":"<p>Violence \u00e0 l\u2019\u00e9gard des femmes et mariage des enfants Le Fonds des Nations Unies pour la population (UNFPA) et le R\u00e9seau Anaruz ont sign\u00e9 un accord de partenariat pour 2021 dans l\u2019objectif de renforcer l\u2019acc\u00e8s des femmes et des filles survivantes \u00e0 la violence aux services essentiels. Il s\u2019agit aussi \u00e0 travers ce partenariat de [&hellip;]<\/p>\n","protected":false},"author":1759,"featured_media":0,"comment_status":"closed","ping_status":"closed","sticky":false,"template":"","format":"standard","meta":{"fifu_image_url":"http:\/\/aujourdhui.ma\/wp-content\/uploads\/2021\/03\/Violence-a-legard-des-femmes-et-mariage-des-enfants.jpg","fifu_image_alt":"L\u2019UNFPA et le R\u00e9seau Anaruz  unissent leurs efforts","footnotes":""},"categories":[73,54],"tags":[],"class_list":["post-113692","post","type-post","status-publish","format-standard","hentry","category-actualite","category-maroc"],"_links":{"self":[{"href":"https:\/\/linitiative.ca\/International\/wp-json\/wp\/v2\/posts\/113692","targetHints":{"allow":["GET"]}}],"collection":[{"href":"https:\/\/linitiative.ca\/International\/wp-json\/wp\/v2\/posts"}],"about":[{"href":"https:\/\/linitiative.ca\/International\/wp-json\/wp\/v2\/types\/post"}],"author":[{"embeddable":true,"href":"https:\/\/linitiative.ca\/International\/wp-json\/wp\/v2\/users\/1759"}],"replies":[{"embeddable":true,"href":"https:\/\/linitiative.ca\/International\/wp-json\/wp\/v2\/comments?post=113692"}],"version-history":[{"count":0,"href":"https:\/\/linitiative.ca\/International\/wp-json\/wp\/v2\/posts\/113692\/revisions"}],"wp:attachment":[{"href":"https:\/\/linitiative.ca\/International\/wp-json\/wp\/v2\/media?parent=113692"}],"wp:term":[{"taxonomy":"category","embeddable":true,"href":"https:\/\/linitiative.ca\/International\/wp-json\/wp\/v2\/categories?post=113692"},{"taxonomy":"post_tag","embeddable":true,"href":"https:\/\/linitiative.ca\/International\/wp-json\/wp\/v2\/tags?post=113692"}],"curies":[{"name":"wp","href":"https:\/\/api.w.org\/{rel}","templated":true}]}}