{"id":113693,"date":"2021-03-25T11:30:50","date_gmt":"2021-03-25T15:30:50","guid":{"rendered":"https:\/\/linitiative.ca\/International\/rami-ayach-une-star-en-ramadan\/"},"modified":"2021-03-25T11:30:50","modified_gmt":"2021-03-25T15:30:50","slug":"rami-ayach-une-star-en-ramadan","status":"publish","type":"post","link":"https:\/\/linitiative.ca\/International\/rami-ayach-une-star-en-ramadan\/","title":{"rendered":"Rami Ayach, une star en Ramadan"},"content":{"rendered":"<header>\n<div class=\"entry-post-meta\">\n<div class=\"author-link\">Publi\u00e9 par <a itemprop=\"author\" itemscope=\"itemscope\" itemtype=\"https:\/\/schema.org\/Person\" href=\"https:\/\/aujourdhui.ma\/author\/blio\" rel=\"author\"><span itemprop=\"name\">ALM<\/span><\/a><\/div>\n<p>Date\u00a0:<time content=\"2021-03-25T16:30:50+01:00\" class=\"entry-date updated\" datetime=\"2021-03-25T16:30:50+01:00\">mars 25, 2021<\/time><\/p>\n<div class=\"entry-cat\">dans:<a href=\"https:\/\/aujourdhui.ma\/category\/culture\" rel=\"category tag\">Culture<\/a><\/div>\n<p>4Vues<\/p>\n<\/div>\n<\/header>\n<div class=\"entry-content clearfix\" readability=\"60\">\n<figure class=\"post-thumbnail\" itemprop=\"associatedMedia\" itemscope=\"itemscope\" itemtype=\"http:\/\/schema.org\/ImageObject\"><img decoding=\"async\" class=\"post_layout_5_img\" src=\"http:\/\/aujourdhui.ma\/wp-content\/uploads\/2021\/03\/Rami-Ayach-une-star-en-Ramadan.jpg\" alt=\"Rami Ayach, une star en Ramadan\"\/><\/figure>\n<p><span class=\"c5\"><strong>L\u2019\u00e9minente star de la chanson arabe, Rami Ayach, se produira das la nouvelle s\u00e9rie ramadanesque intitul\u00e9e \u00ab2020\u00bb qui sera diffus\u00e9e sur le bouquet des cha\u00eenes MBC.<\/strong><\/span><span id=\"more-372023\"\/><\/p>\n<p>Ainsi, le grand public, y compris celui marocain, d\u00e9couvrira l\u2019artiste qui y joue, selon la production de la s\u00e9rie, le r\u00f4le de \u00abJabran Aql\u00bb. \u00abIl s\u2019agit d\u2019un personnage qui changera les faits de la s\u00e9rie et la parcourt du r\u00e9cit de cette \u0153uvre dramatique. L\u2019histoire d\u00e9marrera par son r\u00f4le dans la s\u00e9rie dont le titre est li\u00e9 \u00e0 un aspect de son personnage\u00bb, d\u00e9taille la m\u00eame source. Aux c\u00f4t\u00e9s du chanteur, des stars du \u00abdrama\u00bb libanais et syriens se produiront dans \u00ab2020\u00bb. C\u2019est le cas de Kosay Khouli, Nadine Najim, Carmen Lebs et Fadi Ibrahim entre autres. Quant au sc\u00e9nario, il est con\u00e7u par Bilal Shahadat et Nadin Jabr sur une r\u00e9alisation de Philippe Asmar.<\/p>\n<p>A propos de sa participation, Rami Ayach ne manque pas d\u2019exprimer sa joie. Le tout sans manquer de se f\u00e9liciter des \u00abconditions de travail et de l\u2019ambiance du tournage\u00bb. Par l\u2019occasion, il souhaite du succ\u00e8s \u00e0 cette \u0153uvre en tendances pour le Ramadan prochain. Pour rappel, cette \u0153uvre, pleine de surprises, sera \u00e9galement diffus\u00e9e sur la plate-forme \u00abShahid VIP\u00bb.<\/p>\n<\/div>\n<p>Auteur: ALM<br \/>\n<a href=\"https:\/\/aujourdhui.ma\/culture\/rami-ayach-une-star-en-ramadan\">Cliquez ici pour lire l&rsquo;article depuis sa source.<\/a><\/p>\n","protected":false},"excerpt":{"rendered":"<p>Publi\u00e9 par ALM Date\u00a0:mars 25, 2021 dans:Culture 4Vues L\u2019\u00e9minente star de la chanson arabe, Rami Ayach, se produira das la nouvelle s\u00e9rie ramadanesque intitul\u00e9e \u00ab2020\u00bb qui sera diffus\u00e9e sur le bouquet des cha\u00eenes MBC. Ainsi, le grand public, y compris celui marocain, d\u00e9couvrira l\u2019artiste qui y joue, selon la production de la s\u00e9rie, le r\u00f4le [&hellip;]<\/p>\n","protected":false},"author":1759,"featured_media":0,"comment_status":"closed","ping_status":"closed","sticky":false,"template":"","format":"standard","meta":{"fifu_image_url":"http:\/\/aujourdhui.ma\/wp-content\/uploads\/2021\/03\/Rami-Ayach-une-star-en-Ramadan.jpg","fifu_image_alt":"Rami Ayach, une star en Ramadan","footnotes":""},"categories":[73,54],"tags":[],"class_list":["post-113693","post","type-post","status-publish","format-standard","hentry","category-actualite","category-maroc"],"_links":{"self":[{"href":"https:\/\/linitiative.ca\/International\/wp-json\/wp\/v2\/posts\/113693","targetHints":{"allow":["GET"]}}],"collection":[{"href":"https:\/\/linitiative.ca\/International\/wp-json\/wp\/v2\/posts"}],"about":[{"href":"https:\/\/linitiative.ca\/International\/wp-json\/wp\/v2\/types\/post"}],"author":[{"embeddable":true,"href":"https:\/\/linitiative.ca\/International\/wp-json\/wp\/v2\/users\/1759"}],"replies":[{"embeddable":true,"href":"https:\/\/linitiative.ca\/International\/wp-json\/wp\/v2\/comments?post=113693"}],"version-history":[{"count":0,"href":"https:\/\/linitiative.ca\/International\/wp-json\/wp\/v2\/posts\/113693\/revisions"}],"wp:attachment":[{"href":"https:\/\/linitiative.ca\/International\/wp-json\/wp\/v2\/media?parent=113693"}],"wp:term":[{"taxonomy":"category","embeddable":true,"href":"https:\/\/linitiative.ca\/International\/wp-json\/wp\/v2\/categories?post=113693"},{"taxonomy":"post_tag","embeddable":true,"href":"https:\/\/linitiative.ca\/International\/wp-json\/wp\/v2\/tags?post=113693"}],"curies":[{"name":"wp","href":"https:\/\/api.w.org\/{rel}","templated":true}]}}