{"id":113697,"date":"2021-03-24T14:00:56","date_gmt":"2021-03-24T18:00:56","guid":{"rendered":"https:\/\/linitiative.ca\/International\/%ef%bb%bflunion-europeenne-sempare-de-la-question-ouighour\/"},"modified":"2021-03-24T14:00:56","modified_gmt":"2021-03-24T18:00:56","slug":"%ef%bb%bflunion-europeenne-sempare-de-la-question-ouighour","status":"publish","type":"post","link":"https:\/\/linitiative.ca\/International\/%ef%bb%bflunion-europeenne-sempare-de-la-question-ouighour\/","title":{"rendered":"\ufeffL\u2019Union Europ\u00e9enne s\u2019empare de la question Ou\u00efghour"},"content":{"rendered":"<p class=\"has-text-color has-vivid-cyan-blue-color c1\"><strong>Attendons pour voir\u2026<\/strong><\/p>\n<p><strong>C\u2019est une premi\u00e8re depuis les malheureux \u00e9v\u00e8nements de la place Tien An Men de 1989. Ce lundi 22 mars, l\u2019Union Europ\u00e9enne a sanctionn\u00e9 la Chine pour la pers\u00e9cution des musulmans Ou\u00efghours dans la r\u00e9gion du Xinjiang, au nord-ouest du pays. Au cours de cette s\u00e9ance de travail, les ministres des Affaires \u00e9trang\u00e8res de l\u2019UE ont approuv\u00e9 l\u2019inscription de quatre dirigeants chinois et d\u2019une entit\u00e9 de la r\u00e9gion du Xinjiang \u2013 le Bureau de la s\u00e9curit\u00e9 publique du corps de production et de construction du Xinjiang \u2013 sur la liste des sanctions pour violation des droits humains cr\u00e9\u00e9 en d\u00e9cembre 2020.<\/strong><\/p>\n<p>Ce nouveau cadre dont s\u2019est dot\u00e9e l\u2019UE et qui s\u2019inspire de la loi \u00ab Magnitski \u00bb a \u00e9t\u00e9 utilis\u00e9, pour la premi\u00e8re fois, d\u00e9but-mars, au titre des sanctions qui furent impos\u00e9es \u00e0 des hauts fonctionnaires impliqu\u00e9es dans l\u2019arrestation et l\u2019emprisonnement de l\u2019opposant russe Alexe\u00ef Navalny.<\/p>\n<p>Les quatre personnalit\u00e9s chinoises concern\u00e9es qui ne pourront plus fouler le sol europ\u00e9en et dont les avoirs d\u00e9tenus dans l\u2019UE seront, d\u00e9sormais, gel\u00e9s sont Chen Mingguo, le directeur du Bureau de la s\u00e9curit\u00e9 publique du Xinjiang, Zhu Hailun, l\u2019ancien responsable de cette province ainsi que Wang Mingshan et Wang Junzheng. Ils sont tous accus\u00e9s de \u00ab graves atteintes aux droits de l\u2019homme \u00bb, de \u00ab d\u00e9tentions arbitraires et traitements d\u00e9gradants \u00bb et, enfin, \u00ab d\u2019atteintes syst\u00e9matiques \u00e0 la libert\u00e9 religieuse \u00bb d\u2019Ou\u00efghours et de membres d\u2019autres minorit\u00e9s ethniques musulmanes.<\/p>\n<p>Mais si l\u2019Union europ\u00e9enne a pris ces sanctions en concertation avec les Etats-Unis et le Royaume-Uni et que ces derniers ont imm\u00e9diatement annonc\u00e9 avoir pris des mesures similaires \u00e0 l\u2019encontre de l\u2019empire du milieu, il y a lieu de pr\u00e9ciser qu\u2019outre la Chine, les ministres des Affaires \u00e9trang\u00e8res de l\u2019UE ont \u00e9galement sanctionn\u00e9, ce lundi, la Cor\u00e9e du Nord, la Libye, la Russie, l\u2019Erythr\u00e9e et le Soudan du Sud mais, \u00e9galement, onze personnalit\u00e9s birmanes dont le chef de la junte militaire au pouvoir, le G\u00e9n\u00e9ral Min Aung Hlaing, le pr\u00e9sident de la commission \u00e9lectorale et neuf des plus hauts grad\u00e9s de la Tatmadaw, arm\u00e9e birmane.\u00a0<\/p>\n<p>Pour rappel, selon les rapports \u00e9labor\u00e9s par diverses organisations internationales de d\u00e9fense des droits humains, plus d\u2019un million d\u2019Ou\u00efghours et plusieurs milliers de membres d\u2019autres minorit\u00e9s majoritairement musulmanes sont pass\u00e9s ou croupissent encore, \u00e0 ce jour, dans des camps d\u2019internement au Xinjiang o\u00f9 des travaux forc\u00e9s sont impos\u00e9s \u00e0 tous les \u00ab pensionnaires \u00bb et o\u00f9 les femmes sont soumises \u00e0 une st\u00e9rilisation forc\u00e9e.<\/p>\n<p>La r\u00e9ponse chinoise ne s\u2019est pas fait attendre. Consid\u00e9rant que \u00ab cette d\u00e9cision qui ne repose sur rien d\u2019autre que des mensonges et de la d\u00e9sinformation, ignore et d\u00e9forme les faits \u00bb et ne constitue qu\u2019une ing\u00e9rence \u00ab grossi\u00e8re \u00bb dans ses affaires, le minist\u00e8re chinois des Affaires \u00e9trang\u00e8res a d\u00e9clar\u00e9, ce lundi, \u00ab s\u2019y opposer fermement et la condamner vivement \u00bb.<\/p>\n<p>Aussi, \u00e0 titre de repr\u00e9sailles, P\u00e9kin a imm\u00e9diatement sanctionn\u00e9 dix personnalit\u00e9s europ\u00e9ennes parmi lesquelles plusieurs membres du Parlement europ\u00e9en au motif qu\u2019ils auraient \u00ab gravement port\u00e9 atteinte \u00e0 la souverainet\u00e9 et aux int\u00e9r\u00eats de la Chine et propag\u00e9 des mensonges et de la d\u00e9sinformation \u00bb. Les autorit\u00e9 \u00bbs chinoises ont donc interdit aux int\u00e9ress\u00e9s ainsi qu\u2019aux membres de leurs familles de s\u00e9journer en Chine, \u00e0 Hong Kong et \u00e0 Macao. Faisant partie des personnes vis\u00e9es par cette interdiction, l\u2019eurod\u00e9put\u00e9 fran\u00e7ais Rapha\u00ebl Glucksmann, qui a fait de la d\u00e9fense des Ou\u00efghours son cheval de bataille, s\u2019est d\u00e9clar\u00e9 honor\u00e9 de faire l\u2019objet d\u2019une telle sanction allant m\u00eame jusqu\u2019\u00e0 l\u2019assimiler \u00e0 une \u00ab l\u00e9gion d\u2019honneur \u00bb qu\u2019il aurait obtenu pour s\u2019\u00eatre rang\u00e9 du c\u00f4t\u00e9 du peuple Ou\u00efghour.<\/p>\n<p>Au vu de tout cela, la Chine va-t-elle \u00eatre finir par mettre de l\u2019eau dans son vin pour \u00e9viter de se mettre \u00e0 dos aussi bien l\u2019Union europ\u00e9enne que ses alli\u00e9s d\u2019outre atlantique qui semblent \u00eatre pr\u00eats \u00e0 d\u00e9gainer en sa direction ? Difficile tant le dossier Ou\u00efghour est lourd et \u00e9pineux mais attendons pour voir\u2026<\/p>\n<p>Nabil EL BOUSAADI<\/p>\n<p>Auteur: M&rsquo;hammed rahal<br \/>\n<a href=\"http:\/\/albayane.press.ma\/%EF%BB%BFlunion-europeenne-sempare-de-la-question-ouighour.html\">Cliquez ici pour lire l&rsquo;article depuis sa source.<\/a><\/p>\n","protected":false},"excerpt":{"rendered":"<p>Attendons pour voir\u2026 C\u2019est une premi\u00e8re depuis les malheureux \u00e9v\u00e8nements de la place Tien An Men de 1989. Ce lundi 22 mars, l\u2019Union Europ\u00e9enne a sanctionn\u00e9 la Chine pour la pers\u00e9cution des musulmans Ou\u00efghours dans la r\u00e9gion du Xinjiang, au nord-ouest du pays. Au cours de cette s\u00e9ance de travail, les ministres des Affaires \u00e9trang\u00e8res [&hellip;]<\/p>\n","protected":false},"author":1760,"featured_media":0,"comment_status":"closed","ping_status":"closed","sticky":false,"template":"","format":"standard","meta":{"fifu_image_url":"","fifu_image_alt":"","footnotes":""},"categories":[73,54],"tags":[],"class_list":["post-113697","post","type-post","status-publish","format-standard","hentry","category-actualite","category-maroc"],"_links":{"self":[{"href":"https:\/\/linitiative.ca\/International\/wp-json\/wp\/v2\/posts\/113697","targetHints":{"allow":["GET"]}}],"collection":[{"href":"https:\/\/linitiative.ca\/International\/wp-json\/wp\/v2\/posts"}],"about":[{"href":"https:\/\/linitiative.ca\/International\/wp-json\/wp\/v2\/types\/post"}],"author":[{"embeddable":true,"href":"https:\/\/linitiative.ca\/International\/wp-json\/wp\/v2\/users\/1760"}],"replies":[{"embeddable":true,"href":"https:\/\/linitiative.ca\/International\/wp-json\/wp\/v2\/comments?post=113697"}],"version-history":[{"count":0,"href":"https:\/\/linitiative.ca\/International\/wp-json\/wp\/v2\/posts\/113697\/revisions"}],"wp:attachment":[{"href":"https:\/\/linitiative.ca\/International\/wp-json\/wp\/v2\/media?parent=113697"}],"wp:term":[{"taxonomy":"category","embeddable":true,"href":"https:\/\/linitiative.ca\/International\/wp-json\/wp\/v2\/categories?post=113697"},{"taxonomy":"post_tag","embeddable":true,"href":"https:\/\/linitiative.ca\/International\/wp-json\/wp\/v2\/tags?post=113697"}],"curies":[{"name":"wp","href":"https:\/\/api.w.org\/{rel}","templated":true}]}}