{"id":113698,"date":"2021-03-24T14:00:57","date_gmt":"2021-03-24T18:00:57","guid":{"rendered":"https:\/\/linitiative.ca\/International\/le-raja-de-beni-mellal-entre-lespoir-dune-remontee-et-le-cauchemar-dune-nouvelle-relegation\/"},"modified":"2021-03-24T14:00:57","modified_gmt":"2021-03-24T18:00:57","slug":"le-raja-de-beni-mellal-entre-lespoir-dune-remontee-et-le-cauchemar-dune-nouvelle-relegation","status":"publish","type":"post","link":"https:\/\/linitiative.ca\/International\/le-raja-de-beni-mellal-entre-lespoir-dune-remontee-et-le-cauchemar-dune-nouvelle-relegation\/","title":{"rendered":"Le Raja de B\u00e9ni Mellal entre l\u2019espoir d\u2019une remont\u00e9e et le cauchemar d\u2019une nouvelle rel\u00e9gation\u2026"},"content":{"rendered":"<p><strong>Apr\u00e8s une deuxi\u00e8me d\u00e9faite cons\u00e9cutive en l\u2019espace de quelques jours, le Raja de B\u00e9ni Mellal, rel\u00e9gu\u00e9 la fin de la saison derni\u00e8re en Botola Pro D2 \u00ab\u00a0Inwi\u00a0\u00bb, peine toujours \u00e0 renouer avec la victoire, ce qui a \u00e9veill\u00e9 l\u2019inqui\u00e9tude des supporters des cavaliers d\u2019Ain Asserdoune.<\/strong><\/p>\n<p>Apr\u00e8s sa d\u00e9faite contre le Wydad Temara, le vert mellali s\u2019est inclin\u00e9, de nouveau, face \u00e0 l\u2019Association Sportive de Sal\u00e9 (2-1), en match comptant pour la 15\u00e8me journ\u00e9e de la Botola Pro D2 \u00ab\u00a0Inwi\u00a0\u00bb, ce qui a soulev\u00e9 un toll\u00e9 des supporters dans les r\u00e9seaux sociaux critiquant une \u00e9quipe du Raja de B\u00e9ni Mellal compl\u00e8tement d\u00e9boussol\u00e9e sans le moindre rep\u00e8re.<\/p>\n<p>Les cavaliers d\u2019A\u00efn Asserdoune n\u2019ont toujours pas r\u00e9ussi \u00e0 s\u2019imposer et vaincre le signe indien apr\u00e8s quelques jours \u00e0 peine sur le remplacement du cadre national Mohamed Madihi par mostapha Lasri qui, sans doute, devra selon une source responsable au sein de l\u2019\u00e9quipe, \u00ab\u00a0s\u2019affairer \u00e0 redonner vie \u00e0 une \u00e9quipe d\u00e9sorient\u00e9e o\u00f9 plusieurs acteurs s\u2019immiscent dans sa gestion\u00a0\u00bb.<\/p>\n<p>Apr\u00e8s l\u2019enr\u00f4lement de plus de 20 joueurs, le changement r\u00e9current d\u2019entra\u00eeneurs, et une gestion du onze mellali qui est loin de faire l\u2019unanimit\u00e9, outre le manque de coh\u00e9sion engendr\u00e9e par le d\u00e9part de M. Madihi, le Raja de B\u00e9ni Mellal est toujours \u00e0 la recherche de quelques unit\u00e9s pour \u00e9viter le pire \u00e0 savoir une descente aux enfers du football amateur.<\/p>\n<p>A quelques jours, seulement, de son match contre le Hassania d\u2019Agadir au titre du quart de finale de la Coupe du Tr\u00f4ne, le Raja de B\u00e9ni Mellal a chut\u00e9 \u00e0 la 12\u00e8 place avec 17 unit\u00e9s alors qu\u2019il compte se d\u00e9placer, au titre la seizi\u00e8me journ\u00e9e, \u00e0 K\u00e9nitra pour affronter un KAC qui occupe une position assez inconfortable au classement.<\/p>\n<p>Auteur: M&rsquo;hammed rahal<br \/>\n<a href=\"http:\/\/albayane.press.ma\/le-raja-de-beni-mellal-entre-lespoir-dune-remontee-et-le-cauchemar-dune-nouvelle-relegation.html\">Cliquez ici pour lire l&rsquo;article depuis sa source.<\/a><\/p>\n","protected":false},"excerpt":{"rendered":"<p>Apr\u00e8s une deuxi\u00e8me d\u00e9faite cons\u00e9cutive en l\u2019espace de quelques jours, le Raja de B\u00e9ni Mellal, rel\u00e9gu\u00e9 la fin de la saison derni\u00e8re en Botola Pro D2 \u00ab\u00a0Inwi\u00a0\u00bb, peine toujours \u00e0 renouer avec la victoire, ce qui a \u00e9veill\u00e9 l\u2019inqui\u00e9tude des supporters des cavaliers d\u2019Ain Asserdoune. Apr\u00e8s sa d\u00e9faite contre le Wydad Temara, le vert mellali [&hellip;]<\/p>\n","protected":false},"author":1760,"featured_media":0,"comment_status":"closed","ping_status":"closed","sticky":false,"template":"","format":"standard","meta":{"fifu_image_url":"","fifu_image_alt":"","footnotes":""},"categories":[73,54],"tags":[],"class_list":["post-113698","post","type-post","status-publish","format-standard","hentry","category-actualite","category-maroc"],"_links":{"self":[{"href":"https:\/\/linitiative.ca\/International\/wp-json\/wp\/v2\/posts\/113698","targetHints":{"allow":["GET"]}}],"collection":[{"href":"https:\/\/linitiative.ca\/International\/wp-json\/wp\/v2\/posts"}],"about":[{"href":"https:\/\/linitiative.ca\/International\/wp-json\/wp\/v2\/types\/post"}],"author":[{"embeddable":true,"href":"https:\/\/linitiative.ca\/International\/wp-json\/wp\/v2\/users\/1760"}],"replies":[{"embeddable":true,"href":"https:\/\/linitiative.ca\/International\/wp-json\/wp\/v2\/comments?post=113698"}],"version-history":[{"count":0,"href":"https:\/\/linitiative.ca\/International\/wp-json\/wp\/v2\/posts\/113698\/revisions"}],"wp:attachment":[{"href":"https:\/\/linitiative.ca\/International\/wp-json\/wp\/v2\/media?parent=113698"}],"wp:term":[{"taxonomy":"category","embeddable":true,"href":"https:\/\/linitiative.ca\/International\/wp-json\/wp\/v2\/categories?post=113698"},{"taxonomy":"post_tag","embeddable":true,"href":"https:\/\/linitiative.ca\/International\/wp-json\/wp\/v2\/tags?post=113698"}],"curies":[{"name":"wp","href":"https:\/\/api.w.org\/{rel}","templated":true}]}}