{"id":113700,"date":"2021-03-25T07:42:56","date_gmt":"2021-03-25T11:42:56","guid":{"rendered":"https:\/\/linitiative.ca\/International\/tunisie-lue-lance-une-serie-de-dialogues-avec-le-secteur-prive\/"},"modified":"2021-03-25T07:42:56","modified_gmt":"2021-03-25T11:42:56","slug":"tunisie-lue-lance-une-serie-de-dialogues-avec-le-secteur-prive","status":"publish","type":"post","link":"https:\/\/linitiative.ca\/International\/tunisie-lue-lance-une-serie-de-dialogues-avec-le-secteur-prive\/","title":{"rendered":"Tunisie : l\u2019UE lance une s\u00e9rie de dialogues avec le secteur priv\u00e9"},"content":{"rendered":"<h2>Le premier dialogue de l\u2019Union europ\u00e9enne avec le secteur priv\u00e9 se tenait le 24 mars 2021. Et ce, sur le th\u00e8me: \u00ab\u00a0<em>Le financement de la TPME en Tunisie, entre financement conventionnel et instruments financiers innovants<\/em>\u00ab\u00a0.<\/h2>\n<p>Selon la D\u00e9l\u00e9gation de l\u2019Union europ\u00e9enne en Tunisie, ce dialogue th\u00e9matique entre l\u2019UE et les acteurs de l\u2019\u00e9cosyst\u00e8me de l\u2019entrepreneuriat et du financement tunisien \u00e9tait franc et constructif. Notons qu\u2019il \u00e9tait le premier d\u2019une s\u00e9rie de rencontres. Celles-ci se tiendront entre 2021 et 2022. Et ce, dans le cadre d\u2019une action intitul\u00e9e: \u00ab\u00a0Du point de vue de l\u2019entreprise: s\u00e9rie de dialogues UE \u2013 Secteur priv\u00e9\u00a0\u00bb.<\/p>\n<p>Ainsi, selon l\u2019Union europ\u00e9enne, ce dialogue est bas\u00e9 sur un diagnostic partag\u00e9. Il a vis\u00e9 \u00e0 identifier des pistes de propositions concr\u00e8tes. Celles-ci pourront \u00eatre port\u00e9es par la D\u00e9l\u00e9gation de l\u2019Union europ\u00e9enne dans son dialogue avec les autorit\u00e9s publiques. Elles pourront aussi donner lieu \u00e0 la formulation d\u2019actions de coop\u00e9ration. Notons que le tout sera organis\u00e9 en coordination avec les Etats membres de l\u2019UE et les partenaires techniques et financiers de la Tunisie.<\/p>\n<p><strong><em>M.T<\/em><\/strong><\/p>\n<div class=\"wp-post-author-wrap wp-post-author-shortcode left\">\n<h3 class=\"awpa-title\"\/>\n<div class=\"wp-post-author\">\n<div class=\"awpa-img awpa-author-block square\"><a href=\"http:\/\/lexpertjournal.net\/fr\/?author=5\"><img loading=\"lazy\" decoding=\"async\" alt=\"\" src=\"http:\/\/0.gravatar.com\/avatar\/97f8e10a1c1125ba104a76514ee07b16?s=150&amp;d=mm&amp;r=g\" srcset=\"http:\/\/0.gravatar.com\/avatar\/97f8e10a1c1125ba104a76514ee07b16?s=300&amp;d=mm&amp;r=g 2x\" class=\"avatar avatar-150 photo\" height=\"150\" width=\"150\"\/><\/a><\/div>\n<\/div>\n<\/div>\n<aside class=\"mashsb-container mashsb-main mashsb-stretched\">\n<\/aside>\n<p>Auteur: L&rsquo;expert<br \/>\n<a href=\"http:\/\/lexpertjournal.net\/fr\/?p=19439\">Cliquez ici pour lire l&rsquo;article depuis sa source.<\/a><\/p>\n","protected":false},"excerpt":{"rendered":"<p>Le premier dialogue de l\u2019Union europ\u00e9enne avec le secteur priv\u00e9 se tenait le 24 mars 2021. Et ce, sur le th\u00e8me: \u00ab\u00a0Le financement de la TPME en Tunisie, entre financement conventionnel et instruments financiers innovants\u00ab\u00a0. Selon la D\u00e9l\u00e9gation de l\u2019Union europ\u00e9enne en Tunisie, ce dialogue th\u00e9matique entre l\u2019UE et les acteurs de l\u2019\u00e9cosyst\u00e8me de l\u2019entrepreneuriat [&hellip;]<\/p>\n","protected":false},"author":1775,"featured_media":0,"comment_status":"closed","ping_status":"closed","sticky":false,"template":"","format":"standard","meta":{"fifu_image_url":"http:\/\/0.gravatar.com\/avatar\/97f8e10a1c1125ba104a76514ee07b16?s=150&d=mm&r=g","fifu_image_alt":"Tunisie : l\u2019UE lance une s\u00e9rie de dialogues avec le secteur priv\u00e9","footnotes":""},"categories":[78,55],"tags":[],"class_list":["post-113700","post","type-post","status-publish","format-standard","hentry","category-economie","category-tunisie"],"_links":{"self":[{"href":"https:\/\/linitiative.ca\/International\/wp-json\/wp\/v2\/posts\/113700","targetHints":{"allow":["GET"]}}],"collection":[{"href":"https:\/\/linitiative.ca\/International\/wp-json\/wp\/v2\/posts"}],"about":[{"href":"https:\/\/linitiative.ca\/International\/wp-json\/wp\/v2\/types\/post"}],"author":[{"embeddable":true,"href":"https:\/\/linitiative.ca\/International\/wp-json\/wp\/v2\/users\/1775"}],"replies":[{"embeddable":true,"href":"https:\/\/linitiative.ca\/International\/wp-json\/wp\/v2\/comments?post=113700"}],"version-history":[{"count":0,"href":"https:\/\/linitiative.ca\/International\/wp-json\/wp\/v2\/posts\/113700\/revisions"}],"wp:attachment":[{"href":"https:\/\/linitiative.ca\/International\/wp-json\/wp\/v2\/media?parent=113700"}],"wp:term":[{"taxonomy":"category","embeddable":true,"href":"https:\/\/linitiative.ca\/International\/wp-json\/wp\/v2\/categories?post=113700"},{"taxonomy":"post_tag","embeddable":true,"href":"https:\/\/linitiative.ca\/International\/wp-json\/wp\/v2\/tags?post=113700"}],"curies":[{"name":"wp","href":"https:\/\/api.w.org\/{rel}","templated":true}]}}