{"id":113701,"date":"2021-03-25T07:45:21","date_gmt":"2021-03-25T11:45:21","guid":{"rendered":"https:\/\/linitiative.ca\/International\/memorandum-dentente-pour-payer-les-dettes-de-tunisair-dues-a-tav-tunisie\/"},"modified":"2021-03-25T07:45:21","modified_gmt":"2021-03-25T11:45:21","slug":"memorandum-dentente-pour-payer-les-dettes-de-tunisair-dues-a-tav-tunisie","status":"publish","type":"post","link":"https:\/\/linitiative.ca\/International\/memorandum-dentente-pour-payer-les-dettes-de-tunisair-dues-a-tav-tunisie\/","title":{"rendered":"M\u00e9morandum d\u2019entente pour payer les dettes de Tunisair dues \u00e0 TAV Tunisie"},"content":{"rendered":"<div class=\"td-post-content\">\n<h2>Un m\u00e9morandum d\u2019entente a \u00e9t\u00e9 sign\u00e9 mercredi au si\u00e8ge de la compagnie a\u00e9rienne nationale. Objectif: rembourser les dettes de\u00a0<a href=\"https:\/\/www.facebook.com\/TUNISAIR.OFFICIELLE\" target=\"_blank\" rel=\"noopener noreferrer\">Tunisair<\/a>\u00a0dues \u00e0 TAV Tunisie.<\/h2>\n<p>Etaient pr\u00e9sents \u00e0 la signature de ce m\u00e9morandum:\u00a0<a href=\"http:\/\/www.leconomistemaghrebin.com\/2021\/03\/12\/nomination-officielle-khaled-chelly-poste-pdg-tunisair\/\" target=\"_blank\" rel=\"noopener noreferrer\">Khaled Chelly, nouveau PDG<\/a>\u00a0du Groupe Tunisair et Kahia Mamlouk, directrice g\u00e9n\u00e9rale de TAV Tunisie, ainsi que de hauts cadres de deux soci\u00e9t\u00e9s.<\/p>\n<p>En effet, la r\u00e9union a permis d\u2019\u00e9voquer l\u2019activit\u00e9 des deux soci\u00e9t\u00e9s dans les a\u00e9roports d\u2019Enfidha et de Monastir. Les deux responsables revenaient aussi sur l\u2019impact de la pand\u00e9mie de Covid-19 sur l\u2019activit\u00e9 des deux soci\u00e9t\u00e9s. Ainsi, ils ont discut\u00e9 des moyens permettant de d\u00e9passer cette crise.<\/p>\n<p><strong><em>M.T\u00a0<\/em><\/strong><\/p>\n<\/div>\n<footer>\n<\/footer>\n<div class=\"wp-post-author-wrap wp-post-author-shortcode left\">\n<h3 class=\"awpa-title\"\/>\n<div class=\"wp-post-author\">\n<div class=\"awpa-img awpa-author-block square\"><a href=\"http:\/\/lexpertjournal.net\/fr\/?author=5\"><img loading=\"lazy\" decoding=\"async\" alt=\"\" src=\"http:\/\/0.gravatar.com\/avatar\/97f8e10a1c1125ba104a76514ee07b16?s=150&amp;d=mm&amp;r=g\" srcset=\"http:\/\/0.gravatar.com\/avatar\/97f8e10a1c1125ba104a76514ee07b16?s=300&amp;d=mm&amp;r=g 2x\" class=\"avatar avatar-150 photo\" height=\"150\" width=\"150\"\/><\/a><\/div>\n<\/div>\n<\/div>\n<aside class=\"mashsb-container mashsb-main mashsb-stretched\">\n<\/aside>\n<p>Auteur: L&rsquo;expert<br \/>\n<a href=\"http:\/\/lexpertjournal.net\/fr\/?p=19442\">Cliquez ici pour lire l&rsquo;article depuis sa source.<\/a><\/p>\n","protected":false},"excerpt":{"rendered":"<p>Un m\u00e9morandum d\u2019entente a \u00e9t\u00e9 sign\u00e9 mercredi au si\u00e8ge de la compagnie a\u00e9rienne nationale. Objectif: rembourser les dettes de\u00a0Tunisair\u00a0dues \u00e0 TAV Tunisie. Etaient pr\u00e9sents \u00e0 la signature de ce m\u00e9morandum:\u00a0Khaled Chelly, nouveau PDG\u00a0du Groupe Tunisair et Kahia Mamlouk, directrice g\u00e9n\u00e9rale de TAV Tunisie, ainsi que de hauts cadres de deux soci\u00e9t\u00e9s. En effet, la r\u00e9union [&hellip;]<\/p>\n","protected":false},"author":1775,"featured_media":0,"comment_status":"closed","ping_status":"closed","sticky":false,"template":"","format":"standard","meta":{"fifu_image_url":"http:\/\/0.gravatar.com\/avatar\/97f8e10a1c1125ba104a76514ee07b16?s=150&d=mm&r=g","fifu_image_alt":"M\u00e9morandum d\u2019entente pour payer les dettes de Tunisair dues \u00e0 TAV Tunisie","footnotes":""},"categories":[78,55],"tags":[],"class_list":["post-113701","post","type-post","status-publish","format-standard","hentry","category-economie","category-tunisie"],"_links":{"self":[{"href":"https:\/\/linitiative.ca\/International\/wp-json\/wp\/v2\/posts\/113701","targetHints":{"allow":["GET"]}}],"collection":[{"href":"https:\/\/linitiative.ca\/International\/wp-json\/wp\/v2\/posts"}],"about":[{"href":"https:\/\/linitiative.ca\/International\/wp-json\/wp\/v2\/types\/post"}],"author":[{"embeddable":true,"href":"https:\/\/linitiative.ca\/International\/wp-json\/wp\/v2\/users\/1775"}],"replies":[{"embeddable":true,"href":"https:\/\/linitiative.ca\/International\/wp-json\/wp\/v2\/comments?post=113701"}],"version-history":[{"count":0,"href":"https:\/\/linitiative.ca\/International\/wp-json\/wp\/v2\/posts\/113701\/revisions"}],"wp:attachment":[{"href":"https:\/\/linitiative.ca\/International\/wp-json\/wp\/v2\/media?parent=113701"}],"wp:term":[{"taxonomy":"category","embeddable":true,"href":"https:\/\/linitiative.ca\/International\/wp-json\/wp\/v2\/categories?post=113701"},{"taxonomy":"post_tag","embeddable":true,"href":"https:\/\/linitiative.ca\/International\/wp-json\/wp\/v2\/tags?post=113701"}],"curies":[{"name":"wp","href":"https:\/\/api.w.org\/{rel}","templated":true}]}}