{"id":113705,"date":"2021-03-24T18:20:15","date_gmt":"2021-03-24T22:20:15","guid":{"rendered":"https:\/\/linitiative.ca\/International\/plaidoyer-pour-la-recherche-dans-la-preservation-des-ressources-hydriques\/"},"modified":"2021-03-24T18:20:15","modified_gmt":"2021-03-24T22:20:15","slug":"plaidoyer-pour-la-recherche-dans-la-preservation-des-ressources-hydriques","status":"publish","type":"post","link":"https:\/\/linitiative.ca\/International\/plaidoyer-pour-la-recherche-dans-la-preservation-des-ressources-hydriques\/","title":{"rendered":"Plaidoyer pour la recherche dans la pr\u00e9servation des ressources hydriques"},"content":{"rendered":"<div readability=\"37\">\n<p>Marrakech \u2013 Les participants \u00e0 un webinaire organis\u00e9 mercredi, dans le cadre de la 6\u00e8me \u00e9dition de la Semaine de l\u2019eau et de l\u2019\u00e9nergie, ont appel\u00e9 \u00e0 accorder une grande importance \u00e0 la recherche et d\u00e9veloppement dans les domaines relatifs \u00e0 la pr\u00e9servation et \u00e0 la valorisation des ressources en eau.<\/p>\n<\/div>\n<div readability=\"113\">\n<p>Les intervenants \u00e0 ce webinaire, tenu \u00e0 l\u2019occasion de la c\u00e9l\u00e9bration de la Journ\u00e9e mondiale de l\u2019eau (22 mars), ont plaid\u00e9 pour des solutions innovantes et durables \u00e0 m\u00eame de contribuer, par le biais de la recherche scientifique, \u00e0 r\u00e9soudre des probl\u00e9matiques li\u00e9es \u00e0 l\u2019eau et \u00e0 l\u2019\u00e9nergie, tout en soulignant l\u2019int\u00e9r\u00eat \u00e0 accorder \u00e0 la recherche dans des secteurs comme les \u00e9nergies renouvelables et l\u2019efficacit\u00e9 \u00e9nerg\u00e9tique.<\/p>\n<p>Dans ce cadre, Mme Leila Mandi, Directrice du Centre National d\u2019Etudes et de Recherche sur l\u2019Eau et l\u2019Energie (CNEREE) relevant de l\u2019Universit\u00e9 Cadi Ayyad (UCA) de Marrakech, initiatrice de cet \u00e9v\u00e9nement, a expliqu\u00e9 que les ressources en eau repr\u00e9sentent \u00ab\u00a0un enjeu de survie\u00a0\u00bb notamment, pour les pays arabes qui connaissent une p\u00e9nurie en cette denr\u00e9e vitale.<\/p>\n<p>Apr\u00e8s avoir rappel\u00e9 que ces pays vivent une situation o\u00f9, la demande en eau d\u00e9passe les ressources hydriques disponibles, cette chercheuse \u00e0 l\u2019UCA, a mis en avant la relation \u00e9vidente entre d\u00e9veloppement durable et pr\u00e9servation des ressources en eau.<\/p>\n<p>De son c\u00f4t\u00e9, le professeur Abdelkader Outzourhit, chercheur \u00e0 la Facult\u00e9 des Sciences Semlalia de Marrakech, s\u2019est attard\u00e9 sur le stress hydrique que connait le Maroc, en raison de la s\u00e9cheresse et de l\u2019impact des changements climatiques.<\/p>\n<p>Il a, dans ce sillage, pass\u00e9 en revue une s\u00e9rie de pressions croissantes exerc\u00e9es sur les ressources en eau en raison essentiellement d\u2019une multitude de facteurs li\u00e9s \u00e0 l\u2019urbanisation galopante et \u00e0 l\u2019industrialisation rapide, \u00e0 la croissance d\u00e9mographique, \u00e0 l\u2019expansion de l\u2019agriculture et au d\u00e9veloppement de l\u2019activit\u00e9 touristique, ainsi qu\u2019aux changements climatiques.<\/p>\n<p>C\u2019est pour ces raisons que le Maroc est appel\u00e9 de plus en plus \u00e0 recourir aux ressources non conventionnelles, telles que le dessalement de l\u2019eau de mer et la r\u00e9utilisation des eaux us\u00e9es, a-t-il estim\u00e9.<\/p>\n<p>Plac\u00e9e sous le th\u00e8me \u00ab\u00a0la valorisation de l\u2019eau et l\u2019\u00e9nergie \u00e0 travers l\u2019application des solutions durables\u00a0\u00bb, la 6\u00e8me \u00c9dition de la Semaine de l\u2019Eau &amp; l\u2019Energie vise \u00e0 mettre en \u00e9vidence l\u2019implication de la recherche appliqu\u00e9e dans la valorisation de l\u2019eau et de l\u2019\u00e9nergie, \u00e0 travers l\u2019adoption de solutions durables en mati\u00e8re d\u2019exploitation et de valorisation des ressources en eau et \u00e9nergie.<\/p>\n<p>Cet \u00e9v\u00e9nement, de deux jours, est aussi l\u2019occasion pour les scientifiques, les d\u00e9cideurs, les gestionnaires des entreprises, la soci\u00e9t\u00e9 civile et les \u00e9tudiants de prendre connaissance des solutions innovantes en \u00e9co-technologies pour le traitement des eaux us\u00e9es, et l\u2019utilisation des mat\u00e9riaux \u00e9cologiques en efficacit\u00e9 \u00e9nerg\u00e9tique.<\/p>\n<p>Cette rencontre \u00e0 distance traite de th\u00e9matiques se rapportant au \u00ab\u00a0traitement alertes aux polluants \u00e9mergents dans les eaux : cas de toxine des cyanobact\u00e9ries (cyanotoxines)\u00a0\u00bb, au \u00ab\u00a0dessalement de l\u2019eau par l\u2019\u00e9nergie solaire : perspectives d\u2019application\u00a0\u00bb, \u00e0 l&rsquo;\u00a0\u00bbexploitation des eaux us\u00e9es trait\u00e9es pour la production des algues en application \u00e9cologique\u00a0\u00bb et aux \u00ab\u00a0nouvelles technologies appliqu\u00e9es au pompage solaire\u00a0\u00bb.<\/p>\n<p>Les participants auront, en outre, \u00e0 d\u00e9battre d\u2019une s\u00e9rie de th\u00e9matiques relatives notamment, \u00e0 \u00ab\u00a0l\u2019information sur les \u00e9cotechnologies pour le traitement des eaux us\u00e9es et mat\u00e9riaux innovants utilis\u00e9s en efficacit\u00e9 \u00e9nerg\u00e9tique au profit de la soci\u00e9t\u00e9 civile du monde rural\u00a0\u00bb.<\/p>\n<\/div>\n<p>Auteur: Meriem IGASS<br \/>\n<a href=\"http:\/\/www.mapmarrakech.ma\/fr\/plaidoyer-pour-la-promotion-de-la-recherche-en-matiere-de-preservation-des-ressources-hydriques\/\">Cliquez ici pour lire l&rsquo;article depuis sa source.<\/a><\/p>\n","protected":false},"excerpt":{"rendered":"<p>Marrakech \u2013 Les participants \u00e0 un webinaire organis\u00e9 mercredi, dans le cadre de la 6\u00e8me \u00e9dition de la Semaine de l\u2019eau et de l\u2019\u00e9nergie, ont appel\u00e9 \u00e0 accorder une grande importance \u00e0 la recherche et d\u00e9veloppement dans les domaines relatifs \u00e0 la pr\u00e9servation et \u00e0 la valorisation des ressources en eau. Les intervenants \u00e0 ce [&hellip;]<\/p>\n","protected":false},"author":1788,"featured_media":0,"comment_status":"closed","ping_status":"closed","sticky":false,"template":"","format":"standard","meta":{"fifu_image_url":"","fifu_image_alt":"","footnotes":""},"categories":[54,76],"tags":[],"class_list":["post-113705","post","type-post","status-publish","format-standard","hentry","category-maroc","category-regions"],"_links":{"self":[{"href":"https:\/\/linitiative.ca\/International\/wp-json\/wp\/v2\/posts\/113705","targetHints":{"allow":["GET"]}}],"collection":[{"href":"https:\/\/linitiative.ca\/International\/wp-json\/wp\/v2\/posts"}],"about":[{"href":"https:\/\/linitiative.ca\/International\/wp-json\/wp\/v2\/types\/post"}],"author":[{"embeddable":true,"href":"https:\/\/linitiative.ca\/International\/wp-json\/wp\/v2\/users\/1788"}],"replies":[{"embeddable":true,"href":"https:\/\/linitiative.ca\/International\/wp-json\/wp\/v2\/comments?post=113705"}],"version-history":[{"count":0,"href":"https:\/\/linitiative.ca\/International\/wp-json\/wp\/v2\/posts\/113705\/revisions"}],"wp:attachment":[{"href":"https:\/\/linitiative.ca\/International\/wp-json\/wp\/v2\/media?parent=113705"}],"wp:term":[{"taxonomy":"category","embeddable":true,"href":"https:\/\/linitiative.ca\/International\/wp-json\/wp\/v2\/categories?post=113705"},{"taxonomy":"post_tag","embeddable":true,"href":"https:\/\/linitiative.ca\/International\/wp-json\/wp\/v2\/tags?post=113705"}],"curies":[{"name":"wp","href":"https:\/\/api.w.org\/{rel}","templated":true}]}}