{"id":113706,"date":"2021-03-24T18:52:27","date_gmt":"2021-03-24T22:52:27","guid":{"rendered":"https:\/\/linitiative.ca\/International\/championnat-national-de-surf-et-de-bodyboard-excellente-organisation\/"},"modified":"2021-03-24T18:52:27","modified_gmt":"2021-03-24T22:52:27","slug":"championnat-national-de-surf-et-de-bodyboard-excellente-organisation","status":"publish","type":"post","link":"https:\/\/linitiative.ca\/International\/championnat-national-de-surf-et-de-bodyboard-excellente-organisation\/","title":{"rendered":"Championnat national de surf et de bodyboard: Excellente organisation"},"content":{"rendered":"<div readability=\"36\">\n<p>Safi \u2013 Le spot \u00ab\u00a0Ras El-Laf\u00e2a\u00a0\u00bb et la plage Lalla Fatna relevant de la province de Safi viennent d\u2019abriter les 20 et 21 mars courant, la finale du Championnat de Surf et de Bodyboard, avec la participation de 11 clubs nationaux.<\/p>\n<\/div>\n<div readability=\"80\">\n<p>Organis\u00e9e par la F\u00e9d\u00e9ration Royale Marocaine de Surf et Bodyboard en coordination avec le Club local de l\u2019Association Surf et Bodyboard de Safi (ASBS) dans le respect strict des mesures pr\u00e9ventives et sanitaires, cette manifestation sportive a \u00e9t\u00e9 de l\u2019avis des membres de la F\u00e9d\u00e9ration, une r\u00e9ussite sur tous les plans et ce, gr\u00e2ce au choix pertinent des spots o\u00f9, s\u2019est d\u00e9roul\u00e9 le Championnat, ainsi qu\u2019\u00e0 la grande mobilisation des autorit\u00e9s locales, indique l\u2019ASBS dans un communiqu\u00e9.<\/p>\n<p>Ainsi, dans la discipline du Surf, le surfeur Chadi Lahrioui, 5 fois champions du Maroc Junior, a occup\u00e9 la premi\u00e8re place, suivi de Celyan Denis en 2\u00e8 position et Zouhir Selyann en 3\u00e8 position, alors que Neil Abou Firas est arriv\u00e9 en 4\u00e8 position, pr\u00e9cise la m\u00eame source.<\/p>\n<p>Dans l\u2019\u00e9preuve de bodyboard, c\u2019est le sportif Abdenbi Ma\u00e2chou qui est arriv\u00e9 en premi\u00e8re position, suivi de Youssef Serboute en 2\u00e8 place et Achraf Ghazi en 3\u00e8 position, ajoute-t-on de m\u00eame source.<\/p>\n<p>Le bodyboardeur Mehdi Dahiri a occup\u00e9, quant \u00e0 lui, la 4\u00e8 position au classement final de ce Championnat.<\/p>\n<p>M.Abdelhamid Mansoum, membre du Club ASBS, a, \u00e0 cette occasion, dit toute sa joie de voir son club r\u00e9ussir le pari d\u2019une organisation professionnelle de cette manifestation sportive.<\/p>\n<p>De son c\u00f4t\u00e9, le vice-pr\u00e9sident de la F\u00e9d\u00e9ration Royale Marocaine de Surf et Bodyboard, El Kbir Alj, s\u2019est f\u00e9licit\u00e9 de la forte mobilisation des autorit\u00e9s locales dans l\u2019organisation de ce championnat national pr\u00e9paratif pour les prochaines \u00e9ch\u00e9ances sportives, tels que les Jeux Olympiques de Tokyo.<\/p>\n<\/div>\n<p>Auteur: Meriem IGASS<br \/>\n<a href=\"http:\/\/www.mapmarrakech.ma\/fr\/championnat-national-de-surf-et-de-bodyboard-excellente-organisation\/\">Cliquez ici pour lire l&rsquo;article depuis sa source.<\/a><\/p>\n","protected":false},"excerpt":{"rendered":"<p>Safi \u2013 Le spot \u00ab\u00a0Ras El-Laf\u00e2a\u00a0\u00bb et la plage Lalla Fatna relevant de la province de Safi viennent d\u2019abriter les 20 et 21 mars courant, la finale du Championnat de Surf et de Bodyboard, avec la participation de 11 clubs nationaux. Organis\u00e9e par la F\u00e9d\u00e9ration Royale Marocaine de Surf et Bodyboard en coordination avec le [&hellip;]<\/p>\n","protected":false},"author":1788,"featured_media":0,"comment_status":"closed","ping_status":"closed","sticky":false,"template":"","format":"standard","meta":{"fifu_image_url":"","fifu_image_alt":"","footnotes":""},"categories":[54,76],"tags":[],"class_list":["post-113706","post","type-post","status-publish","format-standard","hentry","category-maroc","category-regions"],"_links":{"self":[{"href":"https:\/\/linitiative.ca\/International\/wp-json\/wp\/v2\/posts\/113706","targetHints":{"allow":["GET"]}}],"collection":[{"href":"https:\/\/linitiative.ca\/International\/wp-json\/wp\/v2\/posts"}],"about":[{"href":"https:\/\/linitiative.ca\/International\/wp-json\/wp\/v2\/types\/post"}],"author":[{"embeddable":true,"href":"https:\/\/linitiative.ca\/International\/wp-json\/wp\/v2\/users\/1788"}],"replies":[{"embeddable":true,"href":"https:\/\/linitiative.ca\/International\/wp-json\/wp\/v2\/comments?post=113706"}],"version-history":[{"count":0,"href":"https:\/\/linitiative.ca\/International\/wp-json\/wp\/v2\/posts\/113706\/revisions"}],"wp:attachment":[{"href":"https:\/\/linitiative.ca\/International\/wp-json\/wp\/v2\/media?parent=113706"}],"wp:term":[{"taxonomy":"category","embeddable":true,"href":"https:\/\/linitiative.ca\/International\/wp-json\/wp\/v2\/categories?post=113706"},{"taxonomy":"post_tag","embeddable":true,"href":"https:\/\/linitiative.ca\/International\/wp-json\/wp\/v2\/tags?post=113706"}],"curies":[{"name":"wp","href":"https:\/\/api.w.org\/{rel}","templated":true}]}}