{"id":113707,"date":"2021-03-25T10:32:33","date_gmt":"2021-03-25T14:32:33","guid":{"rendered":"https:\/\/linitiative.ca\/International\/rencontre-autour-du-projet-sport-et-etude\/"},"modified":"2021-03-25T10:32:33","modified_gmt":"2021-03-25T14:32:33","slug":"rencontre-autour-du-projet-sport-et-etude","status":"publish","type":"post","link":"https:\/\/linitiative.ca\/International\/rencontre-autour-du-projet-sport-et-etude\/","title":{"rendered":"Rencontre autour du projet \u00ab\u00a0sport et \u00e9tude\u00a0\u00bb"},"content":{"rendered":"<div readability=\"36\">\n<p>Youssoufia \u2013 Une rencontre a \u00e9t\u00e9 tenue, mardi au si\u00e8ge de la Direction provinciale de la Jeunesse et des Sports \u00e0 Youssoufia, avec les diff\u00e9rentes associations sportives en vue de la pr\u00e9sentation du projet \u00ab\u00a0sport et \u00e9tude\u00a0\u00bb et la promotion des sports scolaires.<\/p>\n<\/div>\n<div readability=\"81\">\n<p>Cette r\u00e9union, la deuxi\u00e8me du genre, a \u00e9t\u00e9 l\u2019occasion de d\u00e9cliner les moyens de mettre en \u0153uvre le projet \u00ab\u00a0sport et \u00e9tude\u00a0\u00bb, afin de permettre aux apprenantes et apprenants de poursuivre leurs \u00e9tudes parall\u00e8lement \u00e0 leur formation sportive dans les \u00e9tablissements de l\u2019enseignement secondaire coll\u00e9gial et qualifiant, indique un communiqu\u00e9 de la Direction provinciale.<\/p>\n<p>La rencontre a permis \u00e9galement d\u2019engager un d\u00e9bat avec les associations participantes pour prendre connaissance des sp\u00e9cificit\u00e9s des fili\u00e8res \u00ab\u00a0sport et \u00e9tude\u00a0\u00bb, notamment en termes de programmation alliant \u00e9tude et formation sportive et de gestion des espaces et des installations sportifs.<\/p>\n<p>Au cours de cette r\u00e9union, le comit\u00e9 supervisant l\u2019\u00e9laboration du projet \u00ab\u00a0sport et \u00e9tude\u00a0\u00bb a pass\u00e9 en revue la conception g\u00e9n\u00e9rale dudit projet, les moyens de son ex\u00e9cution ainsi que son calendrier, tout en expliquant que ce programme exige des diff\u00e9rents partenaires de faire preuve d\u2019une grande d\u00e9termination et d\u2019une ferme volont\u00e9 afin de traduire son contenu sur le terrain.<\/p>\n<p>A l\u2019issue de cette rencontre, les participants ont \u00e9t\u00e9 unanimes \u00e0 souligner l\u2019importance du projet, qui servira les sports et les \u00e9tudes de mani\u00e8re positive, ajoutant qu\u2019il tend aussi \u00e0 offrir aux \u00e9l\u00e8ves, en particulier les champions et les talentueux, l\u2019opportunit\u00e9 de faire \u00e9talage de leurs capacit\u00e9s et de leurs penchants sportifs.<\/p>\n<p>Cette r\u00e9union s\u2019inscrit dans le cadre de la mise en \u0153uvre du programme d\u2019action pr\u00e9sent\u00e9 lors d\u2019une c\u00e9r\u00e9monie pr\u00e9sid\u00e9e par SM le Roi Mohammed VI, et marqu\u00e9e par la signature d\u2019une convention-cadre de partenariat avec le minist\u00e8re de la Jeunesse et des Sports, le 17 septembre 2018, relative \u00e0 la mise en place des fili\u00e8res scolaires int\u00e9gr\u00e9es \u00ab\u00a0sport-\u00e9tude\u00a0\u00bb et des fili\u00e8res de formation professionnelle et d\u2019enseignement sup\u00e9rieur au profit des sportifs.<\/p>\n<p>Elle intervient aussi dans le sillage de la d\u00e9clinaison des dispositions de la vision strat\u00e9gique et de la loi-cadre 51.17, inh\u00e9rentes \u00e0 l\u2019appui et \u00e0 la diversification des activit\u00e9s sportives, \u00e0 la promotion de la r\u00e9ussite et de l\u2019excellence des apprenantes et apprenants, notamment dans le domaine sportif, ainsi que de la mise en application de la loi 30.09 relative \u00e0 l\u2019\u00e9ducation physique et aux sports, en particulier en ce qui concerne la formation des \u00e9lites sportives.<\/p>\n<\/div>\n<p>Auteur: Meriem IGASS<br \/>\n<a href=\"http:\/\/www.mapmarrakech.ma\/fr\/rencontre-autour-du-projet-sport-et-etude\/\">Cliquez ici pour lire l&rsquo;article depuis sa source.<\/a><\/p>\n","protected":false},"excerpt":{"rendered":"<p>Youssoufia \u2013 Une rencontre a \u00e9t\u00e9 tenue, mardi au si\u00e8ge de la Direction provinciale de la Jeunesse et des Sports \u00e0 Youssoufia, avec les diff\u00e9rentes associations sportives en vue de la pr\u00e9sentation du projet \u00ab\u00a0sport et \u00e9tude\u00a0\u00bb et la promotion des sports scolaires. Cette r\u00e9union, la deuxi\u00e8me du genre, a \u00e9t\u00e9 l\u2019occasion de d\u00e9cliner les [&hellip;]<\/p>\n","protected":false},"author":1788,"featured_media":0,"comment_status":"closed","ping_status":"closed","sticky":false,"template":"","format":"standard","meta":{"fifu_image_url":"","fifu_image_alt":"","footnotes":""},"categories":[54,76],"tags":[],"class_list":["post-113707","post","type-post","status-publish","format-standard","hentry","category-maroc","category-regions"],"_links":{"self":[{"href":"https:\/\/linitiative.ca\/International\/wp-json\/wp\/v2\/posts\/113707","targetHints":{"allow":["GET"]}}],"collection":[{"href":"https:\/\/linitiative.ca\/International\/wp-json\/wp\/v2\/posts"}],"about":[{"href":"https:\/\/linitiative.ca\/International\/wp-json\/wp\/v2\/types\/post"}],"author":[{"embeddable":true,"href":"https:\/\/linitiative.ca\/International\/wp-json\/wp\/v2\/users\/1788"}],"replies":[{"embeddable":true,"href":"https:\/\/linitiative.ca\/International\/wp-json\/wp\/v2\/comments?post=113707"}],"version-history":[{"count":0,"href":"https:\/\/linitiative.ca\/International\/wp-json\/wp\/v2\/posts\/113707\/revisions"}],"wp:attachment":[{"href":"https:\/\/linitiative.ca\/International\/wp-json\/wp\/v2\/media?parent=113707"}],"wp:term":[{"taxonomy":"category","embeddable":true,"href":"https:\/\/linitiative.ca\/International\/wp-json\/wp\/v2\/categories?post=113707"},{"taxonomy":"post_tag","embeddable":true,"href":"https:\/\/linitiative.ca\/International\/wp-json\/wp\/v2\/tags?post=113707"}],"curies":[{"name":"wp","href":"https:\/\/api.w.org\/{rel}","templated":true}]}}