{"id":113711,"date":"2021-03-25T15:14:13","date_gmt":"2021-03-25T19:14:13","guid":{"rendered":"https:\/\/linitiative.ca\/International\/equipe-dalgerie-le-nouveau-maillot-exterieur-de-len-photos\/"},"modified":"2021-03-25T15:14:13","modified_gmt":"2021-03-25T19:14:13","slug":"equipe-dalgerie-le-nouveau-maillot-exterieur-de-len-photos","status":"publish","type":"post","link":"https:\/\/linitiative.ca\/International\/equipe-dalgerie-le-nouveau-maillot-exterieur-de-len-photos\/","title":{"rendered":"Equipe d&rsquo;Alg\u00e9rie : Le nouveau maillot ext\u00e9rieur de l\u2019EN (Photos)"},"content":{"rendered":"<div readability=\"32\">\n<p>Auteur : <span class=\"time\">jeudi 25 mars 2021 19:32<\/span><\/p>\n<\/div>\n<div id=\"post_core\" readability=\"36\">\n<p>Comme le maillot domicile d\u00e9voil\u00e9 en novembre 2020, le nouveau maillot de l&rsquo;EN est bas\u00e9 sur le template Condivo 21 qui est un design de base chez adidas, qui se distingue par la forme particuli\u00e8re du col et la pr\u00e9sence des trois bandes uniquement sur le haut des \u00e9paules.<\/p>\n<p><img decoding=\"async\" alt=\"\" src=\"https:\/\/scontent-mrs2-1.xx.fbcdn.net\/v\/t1.0-9\/164560319_2923647884626027_718186942134490578_o.jpg?_nc_cat=1&amp;ccb=1-3&amp;_nc_sid=730e14&amp;_nc_ohc=ztV5TXLEc4YAX9VWd_G&amp;_nc_ht=scontent-mrs2-1.xx&amp;oh=784aa9a4b50927895864868cc73a1498&amp;oe=6081A910\" class=\"c2\"\/><img decoding=\"async\" alt=\"\" src=\"https:\/\/scontent-mrs2-1.xx.fbcdn.net\/v\/t1.0-9\/164584893_2923648017959347_3071644828419374797_o.jpg?_nc_cat=1&amp;ccb=1-3&amp;_nc_sid=730e14&amp;_nc_ohc=LhMigVIp7OUAX-5iPY7&amp;_nc_ht=scontent-mrs2-1.xx&amp;oh=2926d24b5638b46e8367e6cd2377d9a3&amp;oe=60825138\" class=\"c3\"\/><img decoding=\"async\" alt=\"\" src=\"https:\/\/scontent-mrs2-1.xx.fbcdn.net\/v\/t1.0-9\/164899708_2923648054626010_394791375460626954_o.jpg?_nc_cat=1&amp;ccb=1-3&amp;_nc_sid=730e14&amp;_nc_ohc=KnZpBx_aQQAAX-l8rqx&amp;_nc_ht=scontent-mrs2-1.xx&amp;oh=76984772275c0627cb52a0e929d8525c&amp;oe=6080F141\" class=\"c3\"\/><\/p>\n<p><strong>Publi\u00e9 dans :<\/strong> <span>en<\/span><\/p>\n<\/div>\n<p>Auteur:<br \/>\n<a href=\"http:\/\/www.lebuteur.com\/article\/detail?titre=le-nouveau-maillot-exterieur-de-len-photos&#038;id=99515&#038;utm_source=feedburner&#038;utm_medium=feed&#038;utm_campaign=Feed%3A+GalerieFArtciles+%28Les+derniers+articles++-+lebuteur.com%29\">Cliquez ici pour lire l&rsquo;article depuis sa source.<\/a><\/p>\n","protected":false},"excerpt":{"rendered":"<p>Auteur : jeudi 25 mars 2021 19:32 Comme le maillot domicile d\u00e9voil\u00e9 en novembre 2020, le nouveau maillot de l&rsquo;EN est bas\u00e9 sur le template Condivo 21 qui est un design de base chez adidas, qui se distingue par la forme particuli\u00e8re du col et la pr\u00e9sence des trois bandes uniquement sur le haut des [&hellip;]<\/p>\n","protected":false},"author":1738,"featured_media":0,"comment_status":"closed","ping_status":"closed","sticky":false,"template":"","format":"standard","meta":{"fifu_image_url":"\/\/cdn.lebuteur.com\/data\/images\/article\/thumbs\/large-le-nouveau-maillot-exterieur-de-len-photos-baef1.jpg","fifu_image_alt":"Equipe d'Alg\u00e9rie : Le nouveau maillot ext\u00e9rieur de l\u2019EN (Photos)","footnotes":""},"categories":[53,75],"tags":[],"class_list":["post-113711","post","type-post","status-publish","format-standard","hentry","category-algerie","category-sport"],"_links":{"self":[{"href":"https:\/\/linitiative.ca\/International\/wp-json\/wp\/v2\/posts\/113711","targetHints":{"allow":["GET"]}}],"collection":[{"href":"https:\/\/linitiative.ca\/International\/wp-json\/wp\/v2\/posts"}],"about":[{"href":"https:\/\/linitiative.ca\/International\/wp-json\/wp\/v2\/types\/post"}],"author":[{"embeddable":true,"href":"https:\/\/linitiative.ca\/International\/wp-json\/wp\/v2\/users\/1738"}],"replies":[{"embeddable":true,"href":"https:\/\/linitiative.ca\/International\/wp-json\/wp\/v2\/comments?post=113711"}],"version-history":[{"count":0,"href":"https:\/\/linitiative.ca\/International\/wp-json\/wp\/v2\/posts\/113711\/revisions"}],"wp:attachment":[{"href":"https:\/\/linitiative.ca\/International\/wp-json\/wp\/v2\/media?parent=113711"}],"wp:term":[{"taxonomy":"category","embeddable":true,"href":"https:\/\/linitiative.ca\/International\/wp-json\/wp\/v2\/categories?post=113711"},{"taxonomy":"post_tag","embeddable":true,"href":"https:\/\/linitiative.ca\/International\/wp-json\/wp\/v2\/tags?post=113711"}],"curies":[{"name":"wp","href":"https:\/\/api.w.org\/{rel}","templated":true}]}}