{"id":113714,"date":"2021-03-25T06:03:21","date_gmt":"2021-03-25T10:03:21","guid":{"rendered":"https:\/\/linitiative.ca\/International\/quand-sos-racisme-remet-bugeaud-a-sa-place\/"},"modified":"2021-03-25T06:03:21","modified_gmt":"2021-03-25T10:03:21","slug":"quand-sos-racisme-remet-bugeaud-a-sa-place","status":"publish","type":"post","link":"https:\/\/linitiative.ca\/International\/quand-sos-racisme-remet-bugeaud-a-sa-place\/","title":{"rendered":"Quand SOS Racisme remet Bugeaud \u00e0 sa place"},"content":{"rendered":"<h4 class=\"title-14\">\u00abBoucher\u00bb, \u00abCriminel\u00bb, \u00abavenue des Enfumades\u00bb\u2026<\/h4>\n<div class=\"featured_image\"><img loading=\"lazy\" decoding=\"async\" width=\"992\" height=\"641\" src=\"https:\/\/www.elwatan.com\/wp-content\/uploads\/2021\/03\/Plaque-de-rue-de\u0301tourne\u0301e-par-SOS-Racisme-pour-rappeler-les-crimes-du-sanguinaire-Bugeaud.gif\" class=\"attachment-post-thumbnail size-post-thumbnail wp-post-image\" alt=\"\"\/> <span class=\"featured-image-caption\">Photo : D. R. &#8211; Plaque de rue d\u00e9tourn\u00e9e par SOS Racisme pour rappeler les crimes du sanguinaire Bugeaud<\/span><\/div>\n<p class=\"p4\"><span class=\"s3\"><strong>V<\/strong><\/span><span class=\"s3\">endredi dernier, t\u00f4t le matin, un groupe de militants de l\u2019association fran\u00e7aise SOS Racisme a accompli une action d\u2019\u00e9clat en investissant l\u2019avenue Bugeaud, dans le 16<sup>e<\/sup> arrondissement de Paris, avant de d\u00e9tourner les plaques portant le nom de ce bourreau de la \u00abConqu\u00eate\u00bb, le sinistre Thomas Robert Bugeaud<em>.<\/em><\/span><\/p>\n<p class=\"p5\"><span class=\"s3\">Dans un geste \u00e0 la fois symbolique et audacieux, ils ont appos\u00e9 des plaques sur lesquelles on peut lire\u00a0: <em>\u00abAvenue du boucher Bugeaud\u00bb<\/em>, <em>\u00abAvenue du criminel Bugeaud\u00bb,<\/em> ou encore <em>\u00abAvenue des Enfumades\u00bb<\/em>.<\/span><\/p>\n<p class=\"p5\"><span class=\"s3\">Les plaques de SOS Racisme ne manquaient pas de rappeler, parodiant en cela les indications biographiques accompagnant habituellement les plaques de rue, les atrocit\u00e9s commises par le mar\u00e9chal sanguinaire. Sur l\u2019une d\u2019elles, il est pr\u00e9cis\u00e9 : <em>\u00abCriminel de guerre, bourreau de la conqu\u00eate de l\u2019Alg\u00e9rie\u00bb<\/em>. Sur une autre, cette mention : <em>\u00abBourreau de milliers de civils emmur\u00e9s et asphyxi\u00e9s.<\/em><\/span><\/p>\n<p class=\"p5\"><span class=\"s3\"><em>Alg\u00e9rie, 1844-1845\u00bb<\/em>. Il n\u2019aura pas \u00e9chapp\u00e9 \u00e0 nos lecteurs et lectrices que cette <em>\u00abop\u00e9ration coup-de-poing\u00bb,<\/em> selon la formule de SOS Racisme, a \u00e9t\u00e9 ex\u00e9cut\u00e9e un 19 mars, une date qui fait penser forc\u00e9ment au 19 mars 1962, jour du cessez-le-feu entre l\u2019Alg\u00e9rie et la France en application des Accords d\u2019Evian, sign\u00e9s le 18 mars 1962.<\/span><\/p>\n<p class=\"p5\"><span class=\"s3\"><em>\u00abCe matin \u00e0 l\u2019aube<\/em> (le vendredi 19 mars, ndlr)<em>, des militantes et militants de SOS Racisme ont d\u00e9tourn\u00e9 les plaques de rue glorifiant le mar\u00e9chal Thomas Robert Bugeaud\u00bb,<\/em> a indiqu\u00e9 SOS Racisme via sa page Facebook, avant de pr\u00e9ciser\u00a0: <em>\u00abIl ne s\u2019agit pas de venir vandaliser ou rebaptiser selon notre propre go\u00fbt une avenue qui porte le nom de Bugeaud, mais de venir pr\u00e9ciser qui \u00e9tait ce personnage qui n\u2019\u00e9tait rien d\u2019autre qu\u2019un criminel de guerre.\u00bb\u00a0<\/em><\/span><span class=\"s3\"><em>\u2013<\/em> Dans un message \u00e9lectronique adress\u00e9 \u00e0 des journalistes d\u2019<em>El Watan<\/em>, SOS Racisme souligne que cette op\u00e9ration visait \u00e0 <em>\u00abr\u00e9v\u00e9ler la v\u00e9rit\u00e9 historique derri\u00e8re ce nom glorifi\u00e9 en plein c\u0153ur de la capitale\u00bb.<\/em><\/span><\/p>\n<p class=\"p5\"><span class=\"s3\">Rappelant qui \u00e9tait Bugeaud, l\u2019association convoque quelques faits gla\u00e7ants qui en disent long sur le personnage et sa politique de la <em>\u00abterre br\u00fbl\u00e9e\u00bb<\/em>\u00a0: <em>\u00abEnvoy\u00e9 d\u00e8s 1836 pour \u2018\u2018pacifier\u2019\u2019 le pays, Bugeaud \u00e9labora et commanda les \u2018\u2018enfumades\u2019\u2019 des Shebas et du Dahra, respectivement en 1844 et 1845.<\/em><\/span><\/p>\n<p class=\"p5\"><span class=\"s3\"><em>Son plan meurtrier consistait \u00e0 asphyxier par la fum\u00e9e des civils, femmes, hommes et enfants, en allumant un feu \u00e0 l\u2019unique entr\u00e9e d\u2019une grotte o\u00f9 ces personnes \u00e9taient r\u00e9fugi\u00e9es ou enferm\u00e9es. Il emmura et tua dans ces grottes des milliers d\u2019Alg\u00e9riennes et d\u2019Alg\u00e9riens. Sa politique \u00e9tait comme il l\u2019\u00e9crivit \u00e0 ses lieutenants : \u2018\u2018Exterminez-les jusqu\u2019au dernier\u2019\u2019\u00bb<\/em>.<\/span><\/p>\n<p class=\"p5\"><span class=\"s3\">Dans une d\u00e9claration publi\u00e9e sur sa page Facebook, Dominique Sopo, pr\u00e9sident de SOS Racisme, fera remarquer de son c\u00f4t\u00e9 que <em>\u00abBugeaud est un cas caricatural de ce qui n\u2019est pas possible dans l\u2019espace public. En effet, par cette rue qui prit son nom sous le Second Empire, il est honor\u00e9 pour une guerre d\u2019agression qui d\u00e9boucha sur une conqu\u00eate obtenue par des crimes \u00e9pouvantables. Des crimes qui, \u00e0 son \u00e9poque, provoqu\u00e8rent, jusqu\u2019\u00e0 la Chambre des d\u00e9put\u00e9s, un scandale \u00e9galement exprim\u00e9 sous la plume de Victor Hugo\u00bb<\/em>.<\/span><\/p>\n<p class=\"p5\"><span class=\"s3\">Dominique Sopo poursuit\u00a0: <em>\u00abAlors, en ce 19 mars, \u2018\u2018Journ\u00e9e nationale du souvenir et du recueillement \u00e0 la m\u00e9moire des victimes civiles et militaires de la guerre d\u2019Alg\u00e9rie et des combats en Tunisie et au Maroc\u2019\u2019, nous avons voulu interroger cette aberration. Non pas en vandalisant puisqu\u2019il suffit ici d\u2019apposer la simple mention des crimes de Bugeaud. Non pas en donnant un autre nom \u00e0 cette rue puisque, s\u2019il s\u2019agit certes de renommer \u00e0 terme, il ne s\u2019agit pas d\u2019imposer.<\/em><\/span><\/p>\n<p class=\"p5\"><span class=\"s3\"><em>Car, au-del\u00e0 de ce que sera le nom futur de cette rue, l\u2019important est que nous soyons capables de r\u00e9fl\u00e9chir collectivement qui nous voulons honorer dans la R\u00e9publique. Et, partant, \u00e0 ce qu\u2019est notre rapport \u00e0 notre pass\u00e9 alg\u00e9rien, qu\u2019il faut regarder en face et dans le temps long, pour comprendre ce qu\u2019il a l\u00e9gu\u00e9 et ce qu\u2019il nous faut extirper de nos c\u0153urs et de nos repr\u00e9sentations.\u00bb<\/em><\/span><\/p>\n<p class=\"p5\"><span class=\"s3\">Et M. Sopo de lancer cet appel\u00a0: <em>\u00abJ\u2019esp\u00e8re maintenant que les \u00e9lus parisiens s\u2019empareront pleinement de ce sujet. Car, d\u00e9cid\u00e9ment, en 2021, une ville ne peut pas honorer un homme dont les \u2018\u2018faits de gloire\u2019\u2019 se p\u00e8sent en civils massacr\u00e9s en Alg\u00e9rie et en quelques ouvriers abattus quelques ann\u00e9es plus t\u00f4t dans cette m\u00eame ville qui l\u2019honore.\u00bb<\/em><\/span><\/p>\n<p><span class=\"post-views-label\">Post Views:<\/span> <span class=\"post-views-count\">1\u00a0426<\/span><\/p>\n<p><br class=\"c2\"\/><\/p>\n<div class=\"ichhar-moneytagnative c4\" id=\"ichhar-1883673797\">\n<p>Advertisements<\/p>\n<\/div>\n<p><br class=\"c2\"\/><br \/>\n<br class=\"c5\"\/><\/p>\n<p>Auteur: Anis Khecheba<br \/>\n<a href=\"https:\/\/www.elwatan.com\/edition\/actualite\/quand-sos-racisme-remet-bugeaud-a-sa-place-25-03-2021\">Cliquez ici pour lire l&rsquo;article depuis sa source.<\/a><\/p>\n","protected":false},"excerpt":{"rendered":"<p>\u00abBoucher\u00bb, \u00abCriminel\u00bb, \u00abavenue des Enfumades\u00bb\u2026 Photo : D. R. &#8211; Plaque de rue d\u00e9tourn\u00e9e par SOS Racisme pour rappeler les crimes du sanguinaire Bugeaud Vendredi dernier, t\u00f4t le matin, un groupe de militants de l\u2019association fran\u00e7aise SOS Racisme a accompli une action d\u2019\u00e9clat en investissant l\u2019avenue Bugeaud, dans le 16e arrondissement de Paris, avant de [&hellip;]<\/p>\n","protected":false},"author":1743,"featured_media":0,"comment_status":"closed","ping_status":"closed","sticky":false,"template":"","format":"standard","meta":{"fifu_image_url":"https:\/\/www.elwatan.com\/wp-content\/uploads\/2021\/03\/Plaque-de-rue-de\u0301tourne\u0301e-par-SOS-Racisme-pour-rappeler-les-crimes-du-sanguinaire-Bugeaud.gif","fifu_image_alt":"Quand SOS Racisme remet Bugeaud \u00e0 sa place","footnotes":""},"categories":[73,53],"tags":[],"class_list":["post-113714","post","type-post","status-publish","format-standard","hentry","category-actualite","category-algerie"],"_links":{"self":[{"href":"https:\/\/linitiative.ca\/International\/wp-json\/wp\/v2\/posts\/113714","targetHints":{"allow":["GET"]}}],"collection":[{"href":"https:\/\/linitiative.ca\/International\/wp-json\/wp\/v2\/posts"}],"about":[{"href":"https:\/\/linitiative.ca\/International\/wp-json\/wp\/v2\/types\/post"}],"author":[{"embeddable":true,"href":"https:\/\/linitiative.ca\/International\/wp-json\/wp\/v2\/users\/1743"}],"replies":[{"embeddable":true,"href":"https:\/\/linitiative.ca\/International\/wp-json\/wp\/v2\/comments?post=113714"}],"version-history":[{"count":0,"href":"https:\/\/linitiative.ca\/International\/wp-json\/wp\/v2\/posts\/113714\/revisions"}],"wp:attachment":[{"href":"https:\/\/linitiative.ca\/International\/wp-json\/wp\/v2\/media?parent=113714"}],"wp:term":[{"taxonomy":"category","embeddable":true,"href":"https:\/\/linitiative.ca\/International\/wp-json\/wp\/v2\/categories?post=113714"},{"taxonomy":"post_tag","embeddable":true,"href":"https:\/\/linitiative.ca\/International\/wp-json\/wp\/v2\/tags?post=113714"}],"curies":[{"name":"wp","href":"https:\/\/api.w.org\/{rel}","templated":true}]}}