{"id":113716,"date":"2021-03-25T06:05:13","date_gmt":"2021-03-25T10:05:13","guid":{"rendered":"https:\/\/linitiative.ca\/International\/les-historiens-reclament-louverture-des-archives\/"},"modified":"2021-03-25T06:05:13","modified_gmt":"2021-03-25T10:05:13","slug":"les-historiens-reclament-louverture-des-archives","status":"publish","type":"post","link":"https:\/\/linitiative.ca\/International\/les-historiens-reclament-louverture-des-archives\/","title":{"rendered":"Les historiens r\u00e9clament l\u2019ouverture des archives"},"content":{"rendered":"<h4 class=\"title-14\">Ils d\u00e9noncent des d\u00e9passements par la direction des archives nationales de ses pr\u00e9rogatives<\/h4>\n<div class=\"featured_image\"><img loading=\"lazy\" decoding=\"async\" width=\"1417\" height=\"638\" src=\"https:\/\/www.elwatan.com\/wp-content\/uploads\/2021\/03\/UNEEEEEEE-4.gif\" class=\"attachment-post-thumbnail size-post-thumbnail wp-post-image\" alt=\"\"\/> <span class=\"featured-image-caption\">Photo : D. R.<\/span><\/div>\n<p class=\"p1\"><span class=\"s1\"><strong>Mohamed El Korso affirme que les historiens alg\u00e9riens en sont r\u00e9duits \u00e0 faire les\u00a0\u00abscribes\u00bb, du fait qu\u2019il leur est interdit d\u2019introduire un t\u00e9l\u00e9phone, un ordinateur ou tout autre appareil.<\/strong><\/span><\/p>\n<p class=\"p3\"><span class=\"s1\"><strong>P<\/strong><\/span><span class=\"s1\">lusieurs chercheurs et historiens ont adress\u00e9 une lettre au pr\u00e9sident de la R\u00e9publique pour r\u00e9clamer l\u2019ouverture des fonds d\u2019archives et mettre fin \u00e0 une situation qu\u2019ils jugent <em>\u00abubuesque\u00bb,<\/em> selon les mots de l\u2019initiateur de la lettre, l\u2019\u00e9minent historien Mohamed El\u00a0Korso.<\/span><\/p>\n<p class=\"p4\"><span class=\"s1\"><em>\u00abMalgr\u00e9 nos nombreux appels et protestations \u00e0 travers les m\u00e9dias nationaux, nous n\u2019arrivons toujours pas \u00e0 acc\u00e9der aux fonds d\u2019archives, pourtant l\u00e9galement communicables, particuli\u00e8rement ceux portant sur le mouvement national et la R\u00e9volution alg\u00e9rienne\u00bb<\/em>, \u00e9crivent-ils, en r\u00e9clamant l\u2019application de la loi r\u00e9gissant les Archives nationales, \u00e0 savoir la loi 88-09 du 26 janvier 1988, <em>\u00absans qu\u2019interf\u00e8rent des interpr\u00e9tations personnelles qui vont \u00e0 l\u2019encontre de l\u2019esprit m\u00eame des archives qui sont un patrimoine de la nation, de mettre fin \u00e0 toutes les entraves bureaucratiques qui viennent \u00e0 bout des chercheurs les plus opini\u00e2tres\u00bb<\/em>.<\/span><\/p>\n<p class=\"p4\"><span class=\"s1\">Ils revendiquent le droit d\u2019acc\u00e9der au contenu des dossiers communicables en lieu et place des feuillets communiqu\u00e9s un \u00e0 un aux chercheurs ainsi que <em>\u00able droit de reproduire les fonds communicables sous quelque forme que ce soit, comme cela a cours dans les diff\u00e9rents centres d\u2019archives \u00e0 travers le monde\u00bb<\/em>.<\/span><\/p>\n<p class=\"p4\"><span class=\"s1\">Mohamed El Korso affirme, \u00e0 ce propos, que les historiens alg\u00e9riens en sont r\u00e9duits \u00e0 faire les <em>\u00abscribes\u00bb<\/em>, du fait qu\u2019il leur est interdit d\u2019introduire un t\u00e9l\u00e9phone, un ordinateur ou tout autre appareil. <em>\u00abNous sommes contraints de prendre des notes au stylo, exactement comme nous le faisions \u00e0 Aix-en-Provence dans les ann\u00e9es 1978 et 1979\u00bb<\/em>, commente El Korso.<\/span><\/p>\n<p class=\"p4\"><span class=\"s1\">Pour lui, <em>\u00abil est<\/em> <em>inconcevable de demander l\u2019ouverture des archives en France, et de ne pouvoir les consulter convenablement en Alg\u00e9rie\u00bb<\/em>. <em>\u00abIl y a pourtant<\/em>, dit-il, <em>une loi qui r\u00e9glemente la communication d\u2019archives en Alg\u00e9rie.\u00bb<\/em> <em>\u00abLa direction des Archives nationales s\u2019abrite derri\u00e8re la protection des secrets de l\u2019Etat. De quels secrets de l\u2019Etat s\u2019agit-il, sachant que les faits remontent \u00e0 plus de 60 ans\u00a0? Il y a l\u00e0 des documents qui se rapportent \u00e0 notre histoire, au GPRA, \u00e0 la F\u00e9d\u00e9ration de France, etc.\u00bb<\/em>, soutient-il, en \u00e9voquant la r\u00e9cente d\u00e9classification de quelques archives li\u00e9es \u00e0 la Guerre de Lib\u00e9ration nationale d\u00e9cid\u00e9e par le pr\u00e9sident fran\u00e7ais.<\/span><\/p>\n<p class=\"p4\"><span class=\"s1\">El Korso se dit doublement g\u00ean\u00e9 du fait qu\u2019il fait partie du Conseil scientifique. <em>\u00abEn tant que membre, je peux affirmer que je n\u2019ai \u00e9t\u00e9 convoqu\u00e9 \u00e0 aucune r\u00e9union\u00bb<\/em>, glisse-t-il n\u00e9anmoins. Les chercheurs, qui se disent aujourd\u2019hui <em>\u00abpriv\u00e9s de leurs archives\u00bb<\/em>, craignent de se voir distanci\u00e9s par leurs homologues fran\u00e7ais dans l\u2019\u00e9criture de leur propre histoire.<\/span><\/p>\n<p class=\"p4\"><span class=\"s1\"><em>\u00abNous serons contraints \u00e0 r\u00e9\u00e9crire ce que les historiens fran\u00e7ais auront d\u00e9couvert bien avant nous, car ils auront eu la primeur des documents,<\/em> regrette El Korso. <em>Nous serons ainsi mis, de fait, dans une situation de \u2018\u2018suivistes\u2019\u2019.\u00bb<\/em><\/span><\/p>\n<p class=\"p4\"><span class=\"s1\">L\u2019application de la loi 88-09 du 26 janvier 1988 permettrait, selon les signataires de la lettre, de rendre le Centre national des archives et les services d\u2019archives de wilaya, attractifs aussi bien pour les chercheurs nationaux qu\u2019\u00e9trangers, de domicilier la recherche historique en Alg\u00e9rie et non pas \u00e0 l\u2019\u00e9tranger, de hisser la recherche et les \u00e9tudes historiques ainsi que dans les domaines des sciences humaines et sociales \u00e0 un rang acad\u00e9mique mondial.<\/span><\/p>\n<p class=\"p4\"><span class=\"s1\">Amar Mohand-Amer, chercheur au Centre de recherche en anthropologie sociale et culturelle (Crasc), \u00e9galement signataire de la lettre, consid\u00e8re que ce n\u2019est pas seulement un <em>\u00abblocage\u00bb<\/em> auquel les consultants des archives font face, mais un <em>\u00abscandale\u00bb.<\/em><\/span><\/p>\n<p class=\"p4\"><span class=\"s1\"><em>\u00abLes Archives nationales,<\/em> dit-il, <em>sont un service public, mais les pratiques qui y sont exerc\u00e9es ont fini par transformer cette institution en forteresse. Avant de demander aux Fran\u00e7ais de restituer les archives, il est essentiel de r\u00e9parer ce d\u00e9ni.\u00bb<\/em><\/span><\/p>\n<p class=\"p4\"><span class=\"s1\">Plus que cela, Amar Mohand-Amer d\u00e9nonce une <em>\u00abatteinte \u00e0 l\u2019image de l\u2019Alg\u00e9rie\u00bb<\/em>. <em>\u00abA l\u2019ind\u00e9pendance,<\/em> raconte-t-il, <em>nous \u00e9tions parmi les pays les plus en avance en mati\u00e8re de gestion des archives. Puis, les choses se sont d\u00e9grad\u00e9es, mais cette derni\u00e8re d\u00e9cennie a \u00e9t\u00e9 particuli\u00e8rement catastrophique.\u00bb<\/em><\/span><\/p>\n<p class=\"p4\"><span class=\"s1\">Parmi les signataires de la lettre, figurent \u00e9galement Daho Djerbal, directeur de la revue <em>Naqd,<\/em> ainsi que les professeurs d\u2019histoire Ahmed Charafeddine, Ali Tablit, Mustapha Nouisser, Allal Bitour, Affaf Zekkour et Lazhar Bedida. Ils soulignent que leur d\u00e9marche s\u2019inscrit au c\u0153ur m\u00eame de la <em>\u00abJourn\u00e9e nationale de la m\u00e9moire\u00bb<\/em>.<\/span><\/p>\n<p class=\"p4\"><span class=\"s1\">Ils comptent sur le fait que le pr\u00e9sident Tebboune porte un int\u00e9r\u00eat particulier \u00e0 l\u2019Histoire nationale et plus particuli\u00e8rement \u00e0 l\u2019histoire du mouvement national et la R\u00e9volution alg\u00e9rienne de fa\u00e7on particuli\u00e8re \u2013 dont la cr\u00e9ation de la cha\u00eene d\u2019histoire (Edhakira) et la nomination d\u2019un Conseiller charg\u00e9 des Archives et de la m\u00e9moire nationale sont quelques-uns des t\u00e9moignages \u2013 pour trouver une oreille attentive \u00e0 leurs dol\u00e9ances.<\/span><\/p>\n<p class=\"p4\"><span class=\"s1\">Directement vis\u00e9 par la lettre en question, le directeur des Archives nationales, Abdelmadjid Chikhi, contact\u00e9 par <em>El Watan<\/em>, dit ne pas avoir pris connaissance de la lettre, se refusant ainsi de la commenter.\u00a0<\/span><\/p>\n<p><span class=\"post-views-label\">Post Views:<\/span> <span class=\"post-views-count\">1\u00a0049<\/span><\/p>\n<p><br class=\"c2\"\/><\/p>\n<div class=\"ichhar-moneytagnative c4\" id=\"ichhar-745377194\">\n<p>Advertisements<\/p>\n<\/div>\n<p><br class=\"c2\"\/><br \/>\n<br class=\"c5\"\/><\/p>\n<p>Auteur: Anis Khecheba<br \/>\n<a href=\"https:\/\/www.elwatan.com\/edition\/actualite\/les-historiens-reclament-louverture-des-archives-25-03-2021\">Cliquez ici pour lire l&rsquo;article depuis sa source.<\/a><\/p>\n","protected":false},"excerpt":{"rendered":"<p>Ils d\u00e9noncent des d\u00e9passements par la direction des archives nationales de ses pr\u00e9rogatives Photo : D. R. Mohamed El Korso affirme que les historiens alg\u00e9riens en sont r\u00e9duits \u00e0 faire les\u00a0\u00abscribes\u00bb, du fait qu\u2019il leur est interdit d\u2019introduire un t\u00e9l\u00e9phone, un ordinateur ou tout autre appareil. Plusieurs chercheurs et historiens ont adress\u00e9 une lettre au [&hellip;]<\/p>\n","protected":false},"author":1743,"featured_media":0,"comment_status":"closed","ping_status":"closed","sticky":false,"template":"","format":"standard","meta":{"fifu_image_url":"https:\/\/www.elwatan.com\/wp-content\/uploads\/2021\/03\/UNEEEEEEE-4.gif","fifu_image_alt":"Les historiens r\u00e9clament l\u2019ouverture des archives","footnotes":""},"categories":[73,53],"tags":[],"class_list":["post-113716","post","type-post","status-publish","format-standard","hentry","category-actualite","category-algerie"],"_links":{"self":[{"href":"https:\/\/linitiative.ca\/International\/wp-json\/wp\/v2\/posts\/113716","targetHints":{"allow":["GET"]}}],"collection":[{"href":"https:\/\/linitiative.ca\/International\/wp-json\/wp\/v2\/posts"}],"about":[{"href":"https:\/\/linitiative.ca\/International\/wp-json\/wp\/v2\/types\/post"}],"author":[{"embeddable":true,"href":"https:\/\/linitiative.ca\/International\/wp-json\/wp\/v2\/users\/1743"}],"replies":[{"embeddable":true,"href":"https:\/\/linitiative.ca\/International\/wp-json\/wp\/v2\/comments?post=113716"}],"version-history":[{"count":0,"href":"https:\/\/linitiative.ca\/International\/wp-json\/wp\/v2\/posts\/113716\/revisions"}],"wp:attachment":[{"href":"https:\/\/linitiative.ca\/International\/wp-json\/wp\/v2\/media?parent=113716"}],"wp:term":[{"taxonomy":"category","embeddable":true,"href":"https:\/\/linitiative.ca\/International\/wp-json\/wp\/v2\/categories?post=113716"},{"taxonomy":"post_tag","embeddable":true,"href":"https:\/\/linitiative.ca\/International\/wp-json\/wp\/v2\/tags?post=113716"}],"curies":[{"name":"wp","href":"https:\/\/api.w.org\/{rel}","templated":true}]}}