{"id":113717,"date":"2021-03-25T10:10:22","date_gmt":"2021-03-25T14:10:22","guid":{"rendered":"https:\/\/linitiative.ca\/International\/cour-dappel-militaire-de-blida-aquittement-du-general-hassan\/"},"modified":"2021-03-25T10:10:22","modified_gmt":"2021-03-25T14:10:22","slug":"cour-dappel-militaire-de-blida-aquittement-du-general-hassan","status":"publish","type":"post","link":"https:\/\/linitiative.ca\/International\/cour-dappel-militaire-de-blida-aquittement-du-general-hassan\/","title":{"rendered":"Cour d\u2019appel militaire de Blida : Aquittement du general Hassan"},"content":{"rendered":"<h4 class=\"title-14\"\/>\n<p>Poursuivi par la cour d\u2019appel militaire de Blida, le general Hassan, ancien chef de l\u2019unit\u00e9 d\u2019\u00e9lite du Scorat (service de coordination operationnelle et de renseignement antiterroriste) d\u00e9pendant de l\u2019ex-DRS (D\u00e9partement de renseignement et de s\u00e9curit\u00e9) vient d\u2019\u00eatre acquitt\u00e9 oar la cour d\u2019apoel militaire de Blida.<\/p>\n<p>Le proc\u00e8s intervient apr\u00e8s cassation du verdict de la m\u00eame juridiction autrement compos\u00e9e, prononc\u00e9 au mois de novembre 2019, faisait \u00e9tat d\u2019une peine maximale 5 ans de r\u00e9clusion crimielle, pour \u00ab\u00a0destruction de document et infraction aux consignes militaires\u00a0\u00bb.<\/p>\n<p>Le 28 novembre 2020, le G\u00e9n\u00e9ral venait de quitter la prison apres avoir purg\u00e9 sa peine.<\/p>\n<p><span class=\"post-views-label\">Post Views:<\/span> <span class=\"post-views-count\">1\u00a0882<\/span><\/p>\n<p><br class=\"c2\"\/><\/p>\n<div class=\"ichhar-moneytagnative c4\" id=\"ichhar-1255361538\">\n<p>Advertisements<\/p>\n<\/div>\n<p><br class=\"c2\"\/><br \/>\n<br class=\"c5\"\/><\/p>\n<p>Auteur: Mohand Yahiaoui<br \/>\n<a href=\"https:\/\/www.elwatan.com\/edition\/actualite\/cour-d-apoel-militaire-de-blida-aquittement-du-general-hassan-25-03-2021\">Cliquez ici pour lire l&rsquo;article depuis sa source.<\/a><\/p>\n","protected":false},"excerpt":{"rendered":"<p>Poursuivi par la cour d\u2019appel militaire de Blida, le general Hassan, ancien chef de l\u2019unit\u00e9 d\u2019\u00e9lite du Scorat (service de coordination operationnelle et de renseignement antiterroriste) d\u00e9pendant de l\u2019ex-DRS (D\u00e9partement de renseignement et de s\u00e9curit\u00e9) vient d\u2019\u00eatre acquitt\u00e9 oar la cour d\u2019apoel militaire de Blida. Le proc\u00e8s intervient apr\u00e8s cassation du verdict de la m\u00eame [&hellip;]<\/p>\n","protected":false},"author":1743,"featured_media":0,"comment_status":"closed","ping_status":"closed","sticky":false,"template":"","format":"standard","meta":{"fifu_image_url":"","fifu_image_alt":"","footnotes":""},"categories":[73,53],"tags":[],"class_list":["post-113717","post","type-post","status-publish","format-standard","hentry","category-actualite","category-algerie"],"_links":{"self":[{"href":"https:\/\/linitiative.ca\/International\/wp-json\/wp\/v2\/posts\/113717","targetHints":{"allow":["GET"]}}],"collection":[{"href":"https:\/\/linitiative.ca\/International\/wp-json\/wp\/v2\/posts"}],"about":[{"href":"https:\/\/linitiative.ca\/International\/wp-json\/wp\/v2\/types\/post"}],"author":[{"embeddable":true,"href":"https:\/\/linitiative.ca\/International\/wp-json\/wp\/v2\/users\/1743"}],"replies":[{"embeddable":true,"href":"https:\/\/linitiative.ca\/International\/wp-json\/wp\/v2\/comments?post=113717"}],"version-history":[{"count":0,"href":"https:\/\/linitiative.ca\/International\/wp-json\/wp\/v2\/posts\/113717\/revisions"}],"wp:attachment":[{"href":"https:\/\/linitiative.ca\/International\/wp-json\/wp\/v2\/media?parent=113717"}],"wp:term":[{"taxonomy":"category","embeddable":true,"href":"https:\/\/linitiative.ca\/International\/wp-json\/wp\/v2\/categories?post=113717"},{"taxonomy":"post_tag","embeddable":true,"href":"https:\/\/linitiative.ca\/International\/wp-json\/wp\/v2\/tags?post=113717"}],"curies":[{"name":"wp","href":"https:\/\/api.w.org\/{rel}","templated":true}]}}