{"id":113718,"date":"2021-03-25T04:10:00","date_gmt":"2021-03-25T08:10:00","guid":{"rendered":"https:\/\/linitiative.ca\/International\/tunisie-un-mois-de-mars-riche-en-scandales\/"},"modified":"2021-03-25T04:10:00","modified_gmt":"2021-03-25T08:10:00","slug":"tunisie-un-mois-de-mars-riche-en-scandales","status":"publish","type":"post","link":"https:\/\/linitiative.ca\/International\/tunisie-un-mois-de-mars-riche-en-scandales\/","title":{"rendered":"Tunisie: Un mois de mars riche en scandales"},"content":{"rendered":"<p><span class=\"c2\"><em><strong><img decoding=\"async\" src=\"\/uploads\/FCK_files\/Sihem-Bouzgharou.jpg\" width=\"20%\" vspace=\"5\" hspace=\"5\" align=\"left\" alt=\"\"\/>Par Sihem Bouzgarou &#8211;<\/strong><\/em><\/span> Pour tout Tunisien qui se respecte, le d\u00e9but du mois de mars 2021 est \u00e0 marquer d\u2019une pierre noire \u00e9tant donn\u00e9 la teneur des esclandres qui ont jalonn\u00e9 les vingt jours qui viennent de s\u2019\u00e9couler ! Il est vrai que les scandales se suivent et ne se ressemblent pas, les protagonistes \u00e9tant, \u00e0 chaque fois, diff\u00e9rents ! Mais, ils ont un d\u00e9nominateur communs : leur haine visc\u00e9rale envers ceux qui s\u2019opposent \u00e0 leurs id\u00e9es et \u00e0 leurs principes et la violence innommable qui les caract\u00e9rise !<\/p>\n<p>Commen\u00e7ons par le tohu-bohu provoqu\u00e9 par un \u00ab \u00e9lu \u00bb de la chambre des d\u00e9put\u00e9s : le lundi 15 mars, SM (honn\u00eatement, prononcer ou m\u00eame \u00e9crire son nom m\u2019\u00e9corche la bouche !) qui se trouvait \u00ab par hasard \u00bb \u00e0 l\u2019a\u00e9roport, qui a franchi, sans encombre et sans en avoir le droit, le portail de s\u00e9curit\u00e9, s\u2019est permis de s\u2019adresser avec hargne et suffisance \u00e0 des douaniers, dans l\u2019exercice de leur fonction, pour leur intimer l\u2019ordre de se plier \u00e0 sa volont\u00e9 et de permettre \u00e0 une citoyenne tunisienne de rejoindre son vol en partance pour la Turquie ! Or, la jeune femme est fich\u00e9e S, et ne peut pas voyager, parce qu\u2019elle est soup\u00e7onn\u00e9e d\u2019appartenance \u00e0 un mouvement terroriste et le d\u00e9put\u00e9 semble ne pas l\u2019ignorer ! Chemin faisant, il s\u2019est permis d\u2019insulter les douaniers, la Tunisie, ses institutions, son peuple, ses lois. Il a, par ailleurs, d\u00e9nigr\u00e9 son passeport qui n\u2019a aucune valeur \u00e0 ses yeux (pourtant, il se r\u00e9clame de ce pays dont il se dit le repr\u00e9sentant.) Puis il a\u00a0 appel\u00e9 \u00e0 sa rescousse des d\u00e9put\u00e9s de sa coalition, pour forcer la main aux douaniers et les obliger \u00e0 la laisser passer! Cependant, ces derniers n\u2019ont pas c\u00e9d\u00e9 \u00e0 ses menaces, ont r\u00e9sist\u00e9 appuy\u00e9s par leur syndicat, et la jeune tunisienne a \u00e9t\u00e9 transf\u00e9r\u00e9e au P\u00f4le de la lutte anti-terrorisme, non sans oublier de confier son mobile \u00e0 SM. Quant au d\u00e9put\u00e9, il a \u00e9t\u00e9 conspu\u00e9, humili\u00e9 (mais est-il conscient de cette rebuffade ?) par les syndicalistes appel\u00e9s en renfort qui lui ont fait quitter l\u2019a\u00e9roport sous les hu\u00e9es des pr\u00e9sents scandant le fameux \u00ab d\u00e9gage \u00bb \u00e0 tue-t\u00eate !<\/p>\n<p>Quelle humiliation ! Quel affront ! Quel camouflet ! Un d\u00e9put\u00e9 cens\u00e9 respecter le prestige de l\u2019\u00c9tat, se permet de bafouer aussi bien ses repr\u00e9sentants que l\u2019\u00c9tat lui-m\u00eame ! N\u2019est-ce pas contradictoire ? O\u00f9, cet acte s\u2019inscrit-il dans la droite ligne des islamistes pour qui l\u2019\u00c9tat-Nation est un leurre et pour qui seule l&rsquo;umma a droit de cit\u00e9 ?<\/p>\n<p>Franchement, je commence \u00e0 en \u00eatre convaincue parce que, sinon, je ne sais pas ce qui nous arrive, ce qui se passe dans ce pays r\u00e9put\u00e9 pour la mod\u00e9ration de ses citoyens, leur amabilit\u00e9 et leur courtoisie. \u00c9tions-nous d\u00e9j\u00e0 violents, vindicatifs, belliqueux, agressifs, acrimonieux et ignorions-nous ces d\u00e9fauts, pourtant flagrants ? La r\u00e9volution a-t-elle fait tomber le masque qui cachait notre nature v\u00e9ritable et la feuille de vigne qui dissimulait nos tares inavouables ? Questions qui m\u00e9ritent de trouver des r\u00e9ponses \u00e9tant donn\u00e9 l\u2019ambiance sociale d\u00e9l\u00e9t\u00e8re dans laquelle on baigne, depuis quelque temps !<\/p>\n<p>Ambiance qui risque de s\u2019envenimer apr\u00e8s l\u2019agression inqualifiable que le sieur Neji Jmal, nahdhaoui de son \u00e9tat, a perp\u00e9tr\u00e9 contre sa coll\u00e8gue, membre du PDL. Rappelons les faits : Depuis un moment, la pr\u00e9sidente du PDL a pris l\u2019initiative de filmer avec son propre smartphone les s\u00e9ances qui se d\u00e9roulent sous la coupole du parlement, pour d\u00e9noncer les agissements de ses adversaires politiques, leurs d\u00e9passements et leurs attitudes, parfois inappropri\u00e9es. Exc\u00e9d\u00e9s par ses intrusions intempestives, les autres d\u00e9put\u00e9s ont protest\u00e9 et ont rejet\u00e9 ce comportement qu\u2019ils ont jug\u00e9 inad\u00e9quat ! Seulement, pour s\u2019exprimer, au lieu de recourir aux canaux habituels et aux normes sociales, nos d\u00e9put\u00e9s ont pr\u00e9f\u00e9r\u00e9 la violence et les agressions ! C\u2019est ainsi que le sieur en question s\u2019\u00e9lan\u00e7a comme une furie, happa le portable de la d\u00e9put\u00e9e, s\u2019en empara \u00e0 pleine main et le jeta de toutes ses forces au sol le brisant en mille morceaux, avant de lui ass\u00e9ner une gifle retentissante ! Sc\u00e8ne irr\u00e9aliste digne des navets de seconde zone que m\u00eame durant les pires moments de la dictature nous n\u2019avons jamais vues ! Geste inqualifiable qui d\u00e9note la nature profonde des relations hommes \/femmes, dans nos contr\u00e9es ! Action r\u00e9pr\u00e9hensible qui prouve, si besoin est, que les dipl\u00f4mes et les sommets vertigineux du savoir qu\u2019un homme atteint n\u2019emp\u00eachent pas la violence, ni la conviction d\u2019\u00eatre sup\u00e9rieur !<\/p>\n<p>Et si vous pensez que les choses en sont rest\u00e9es l\u00e0, alors vous vous fourvoyez, chers amis ! Ce matin, en effet, au cours d\u2019une pl\u00e9ni\u00e8re houleuse un autre d\u00e9put\u00e9 s\u2019est permis d\u2019agresser Abir Moussi, encore une fois sous la coupole du Parlement ! Le pire c\u2019est que des parlementaires ont m\u00eame \u00e9t\u00e9 s\u00e9questr\u00e9s et enferm\u00e9s par l\u2019un des fonctionnaires du parlement, pour les emp\u00eacher d\u2019intervenir au cours des d\u00e9lib\u00e9rations, \u00e0 l\u2019ordre du jour ! Mais que veulent-ils prouver, je me demande ? Pourquoi leur refuse-t-on la parole ? Pourquoi veulent-ils b\u00e2illonner la parole libre, brider toute voix contradictrice ? Et surtout que manigancent-ils ? \u00c0 quelle sauce veulent-ils nous manger ?<\/p>\n<p>Il faut avouer que ces actes violents\u00a0 ne sont pas in\u00e9dits ! D\u2019autres \u00e9lus appartenant \u00e0 des ob\u00e9diences politiques diverses ont \u00e9t\u00e9 malmen\u00e9s, violent\u00e9s sans pour autant provoquer la moindre contestation de la part de ceux qui, pourtant, se pr\u00e9tendent d\u00e9fenseurs de la veuve et de l\u2019orphelin et surtout garants de la d\u00e9mocratie et de l\u2019\u00e9galit\u00e9 homme\/femme !<\/p>\n<p>Toute violence entra\u00eene la violence : oui, oui je sais, c\u2019est une v\u00e9rit\u00e9 de La Palisse, mais en ces jours troubles d\u2019incertitude et de confusion, il faut savoir raison garder ! Il faut faire attention au retour du boomerang, de la manivelle ! Ceux qui exercent la violence aujourd\u2019hui peuvent \u00e9galement la subir un jour !<\/p>\n<p class=\"c3\"><strong>Sihem Bouzgarou<\/strong><br \/>\u00a0<\/p>\n<p>Auteur:<br \/>\n<a href=\"https:\/\/www.leaders.com.tn\/article\/31621-tunisie-un-mois-de-mars-riche-en-evenements\">Cliquez ici pour lire l&rsquo;article depuis sa source.<\/a><\/p>\n","protected":false},"excerpt":{"rendered":"<p>Par Sihem Bouzgarou &#8211; Pour tout Tunisien qui se respecte, le d\u00e9but du mois de mars 2021 est \u00e0 marquer d\u2019une pierre noire \u00e9tant donn\u00e9 la teneur des esclandres qui ont jalonn\u00e9 les vingt jours qui viennent de s\u2019\u00e9couler ! Il est vrai que les scandales se suivent et ne se ressemblent pas, les protagonistes [&hellip;]<\/p>\n","protected":false},"author":1772,"featured_media":0,"comment_status":"closed","ping_status":"closed","sticky":false,"template":"","format":"standard","meta":{"fifu_image_url":"\/uploads\/FCK_files\/Sihem-Bouzgharou.jpg","fifu_image_alt":"Tunisie: Un mois de mars riche en scandales","footnotes":""},"categories":[73,55],"tags":[],"class_list":["post-113718","post","type-post","status-publish","format-standard","hentry","category-actualite","category-tunisie"],"_links":{"self":[{"href":"https:\/\/linitiative.ca\/International\/wp-json\/wp\/v2\/posts\/113718","targetHints":{"allow":["GET"]}}],"collection":[{"href":"https:\/\/linitiative.ca\/International\/wp-json\/wp\/v2\/posts"}],"about":[{"href":"https:\/\/linitiative.ca\/International\/wp-json\/wp\/v2\/types\/post"}],"author":[{"embeddable":true,"href":"https:\/\/linitiative.ca\/International\/wp-json\/wp\/v2\/users\/1772"}],"replies":[{"embeddable":true,"href":"https:\/\/linitiative.ca\/International\/wp-json\/wp\/v2\/comments?post=113718"}],"version-history":[{"count":0,"href":"https:\/\/linitiative.ca\/International\/wp-json\/wp\/v2\/posts\/113718\/revisions"}],"wp:attachment":[{"href":"https:\/\/linitiative.ca\/International\/wp-json\/wp\/v2\/media?parent=113718"}],"wp:term":[{"taxonomy":"category","embeddable":true,"href":"https:\/\/linitiative.ca\/International\/wp-json\/wp\/v2\/categories?post=113718"},{"taxonomy":"post_tag","embeddable":true,"href":"https:\/\/linitiative.ca\/International\/wp-json\/wp\/v2\/tags?post=113718"}],"curies":[{"name":"wp","href":"https:\/\/api.w.org\/{rel}","templated":true}]}}