{"id":113719,"date":"2021-03-25T04:19:00","date_gmt":"2021-03-25T08:19:00","guid":{"rendered":"https:\/\/linitiative.ca\/International\/exclusif-ce-que-nizar-yaiche-et-kais-saied-ont-debattu-pendant-trois-heures-video\/"},"modified":"2021-03-25T04:19:00","modified_gmt":"2021-03-25T08:19:00","slug":"exclusif-ce-que-nizar-yaiche-et-kais-saied-ont-debattu-pendant-trois-heures-video","status":"publish","type":"post","link":"https:\/\/linitiative.ca\/International\/exclusif-ce-que-nizar-yaiche-et-kais-saied-ont-debattu-pendant-trois-heures-video\/","title":{"rendered":"Exclusif \u2013 Ce que Nizar Ya\u00efche et Kais Sa\u00efed ont d\u00e9battu pendant trois heures (Vid\u00e9o)"},"content":{"rendered":"<p>Les pronostics sont ouverts ? Pourquoi le pr\u00e9sident Kais Sa\u00efed a-t-il re\u00e7u mercredi apr\u00e8s-midi l\u2019ancien ministre des Finances, Nizar Ya\u00efche et de quoi se sont-ils entretenus pendant pr\u00e8s de trois heures ? De la reconstruction de la Tunisie, soufflent \u00e0 Leaders des habitu\u00e9s du s\u00e9rail. Depuis qu\u2019il a quitt\u00e9 ses fonctions, en septembre dernier, Nizar Ya\u00efche, tr\u00e8s inquiet de la d\u00e9gradation continue de la situation \u00e9conomique et financi\u00e8re, ne s\u2019est pas crois\u00e9 les bras. Edifi\u00e9 par les indicateurs r\u00e9els qu\u2019il conna\u00eet bien, et \u00ab frustr\u00e9 \u00bb de n\u2019avoir pas pu faire aboutir ses projets, il s\u2019est mis au travail pour esquisser un projet de sauvetage et de r\u00e9formes. Ni programme de gouvernement, ni tremplin politique, mais des \u00e9l\u00e9ments de base \u00e0 d\u00e9battre, d\u2019urgence, en dialogue national pour sceller un pacte national. C\u2019est-\u00e0-dire, une d\u00e9marche nationale port\u00e9e, avec l\u2019appui de Carthage, par l\u2019UGTT, l\u2019UTICA, l\u2019UTAP, les Ordres nationaux, d\u2019autres organisations et compositions de la soci\u00e9t\u00e9 civile ainsi que des experts et des personnalit\u00e9s ind\u00e9pendantes.<\/p>\n<p class=\"c3\"><iframe loading=\"lazy\" src=\"https:\/\/www.facebook.com\/plugins\/video.php?height=314&amp;href=https%3A%2F%2Fwww.facebook.com%2FPresidence.tn%2Fvideos%2F861149797776354%2F&amp;show_text=false&amp;width=560\" class=\"c2\" scrolling=\"no\" allowfullscreen=\"true\" allow=\"autoplay; clipboard-write; encrypted-media; picture-in-picture; web-share\" width=\"560\" height=\"314\" frameborder=\"0\">[embedded content]<\/iframe><\/p>\n<p>En six mois, le dossier a \u00e9t\u00e9 finalis\u00e9, avec le concours d\u2019une centaine d\u2019experts sp\u00e9cialis\u00e9s consult\u00e9s chacun dans son domaine et ensemble. Au total pas moins de 500 mesures, articul\u00e9es autour de 25 axes, centr\u00e9s sur l\u2019\u00e9conomie, le social, la justice et les services publics, notamment, ont \u00e9t\u00e9 pr\u00e9conis\u00e9es. Elles couvrent une large panoplie de th\u00e9matiques jusqu\u2019\u00e0 l\u2019informel, le decashing, le syst\u00e8me mon\u00e9taire, l\u2019\u00e9conomie de rente, l\u2019implication du syst\u00e8me bancaire, le transport et la logistique, le d\u00e9veloppement r\u00e9gional, l\u2019\u00e9conomie sociale et solidaire, les douanes, le contr\u00f4le des prix, le rationnement et la compensation, l\u2019e-justice, et l\u2019\u00e9panouissement des jeunes&#8230;<\/p>\n<h2>Les 100 premi\u00e8res mesures, dans les 100 prochains jours&#8230;<\/h2>\n<p>Toutes ces mesures sont prioris\u00e9es en trois niveaux : le niveau z\u00e9ro, imm\u00e9diat, comprend pr\u00e8s de 100 mesures d\u2019une extr\u00eame urgence dans les 100 prochains jours, ce qui enverra un message fort au FMI et \u00e0 de nombreux bailleurs de fonds. Le deuxi\u00e8me niveau, est \u00e0 six mois et le troisi\u00e8me se place \u00e0 2 ans, voire 3 ans au plus. L\u2019ensemble \u00e9mane en fait d\u2019une vision d\u2019ensemble qui embrasse les aspects g\u00e9opolitiques, les nouveaux \u00e9quilibres des forces dans le monde, le positionnement de la Tunisie dans le monde nouveau qui se recompose, avec ses alliances et ses flux d\u2019\u00e9changes, l\u2019ancrage avec l\u2019Europe et l\u2019implication en Afrique&#8230;<\/p>\n<p>Le pr\u00e9sident Kais Sa\u00efed y a trouv\u00e9 une riche mati\u00e8re \u00e0 r\u00e9flexion. Entour\u00e9 de sa directrice de cabinet, Nadia Akacha et de son conseiller \u00e9conomique, Hassen Bendhief (ancien haut fonctionnaire \u00e0 la Banque centrale), il a tenu \u00e0 rentrer dans le d\u00e9tail, chapitre par chapitre. Cela devait lui prendre quasiment toute l\u2019apr\u00e8s-midi, mais il s\u2019y \u00e9tait consacr\u00e9, interrogeant Nizar Ya\u00efche sur sa d\u00e9marche, le bienfond\u00e9 de chaque mesure et le calcul de son impact, les modes op\u00e9ratoires envisageables et les alternatives possibles.<\/p>\n<h2>Une plateforme en intelligence artificielle<\/h2>\n<p>La deuxi\u00e8me s\u00e9quence sera r\u00e9serv\u00e9e \u00e0 la mise en d\u00e9bat de cet avant-projet. Soucieux d\u2019\u00e9largir la participation des Tunisiens, notamment des jeunes, \u00e0 l\u2019enrichissement des id\u00e9es avanc\u00e9es, Nizar Ya\u00efche a pens\u00e9 \u00e0 la mise en place d\u2019une plateforme digitale ouverte. Le concept repose sur la visite virtuelle, en 2D et demie, d\u2019un salon d\u2019id\u00e9es et de projet, o\u00f9 les th\u00e9matiques sont chapitr\u00e9es en halls, pavillons, et stands exposant des mesures mises en d\u00e9bat. Le recours \u00e0 l\u2019intelligence artificielle permet une s\u00e9rie de consultations instantan\u00e9es. Il suffit de taper sur un mot clef pour obtenir des r\u00e9f\u00e9rences utiles, aller directement au Journal officiel pour trouver les textes l\u00e9gislatifs et r\u00e9glementaires appropri\u00e9s et autres liens.<\/p>\n<p>Chaque visiteur peut y acc\u00e9der dans la langue de sa pr\u00e9f\u00e9rence, en arabe ou en fran\u00e7ais, pour poser des questions, poster des commentaires, formuler des propositions. Cette plateforme, con\u00e7ue par Nizar Ya\u00efche, a \u00e9t\u00e9 d\u00e9velopp\u00e9e par deux soci\u00e9t\u00e9s tunisiennes qui se sont port\u00e9es volontaires et b\u00e9n\u00e9voles.<\/p>\n<p>Actuellement, sur un point tr\u00e8s avanc\u00e9, elle sera livr\u00e9e en code source aux services de la Pr\u00e9sidence de la R\u00e9publique qui assureront son d\u00e9ploiement et son administration.<\/p>\n<h2>Sa\u00efed trouve son compte&#8230; et son homme ?<\/h2>\n<p>Pareille application ne pouvait que recueillir la satisfaction du chef de l\u2019Etat et son approbation. Elle r\u00e9alise en effet sa volont\u00e9 politique de marquer son magist\u00e8re en talonnant le gouvernement et d\u2019\u00e9largir le d\u00e9bat. Elle exprime en outre son int\u00e9r\u00eat pour le num\u00e9rique et l\u2019intelligence artificielle.<br \/>Mission accomplie, alors, pour Nizar Ya\u00efche, maintenant qu\u2019il a pr\u00e9sent\u00e9 son dossier et s\u2019appr\u00eate \u00e0 livrer la plateforme digitale ? Pas si s\u00fbr que \u00e7a. \u00ab La Tunisie a besoin de tous ses enfants, qu\u2019ils soient en postes officiels de responsabilit\u00e9, ou ailleurs \u00bb, avait bien soulign\u00e9 Kais Sa\u00efed.<br \/>\u00a0<\/p>\n<p>Auteur:<br \/>\n<a href=\"https:\/\/www.leaders.com.tn\/article\/31619-exclusif-ce-que-nizar-yaiche-et-kais-saied-se-sont-dits-pendant-trois-heures\">Cliquez ici pour lire l&rsquo;article depuis sa source.<\/a><\/p>\n","protected":false},"excerpt":{"rendered":"<p>Les pronostics sont ouverts ? Pourquoi le pr\u00e9sident Kais Sa\u00efed a-t-il re\u00e7u mercredi apr\u00e8s-midi l\u2019ancien ministre des Finances, Nizar Ya\u00efche et de quoi se sont-ils entretenus pendant pr\u00e8s de trois heures ? De la reconstruction de la Tunisie, soufflent \u00e0 Leaders des habitu\u00e9s du s\u00e9rail. Depuis qu\u2019il a quitt\u00e9 ses fonctions, en septembre dernier, Nizar [&hellip;]<\/p>\n","protected":false},"author":1772,"featured_media":0,"comment_status":"closed","ping_status":"closed","sticky":false,"template":"","format":"standard","meta":{"fifu_image_url":"","fifu_image_alt":"","footnotes":""},"categories":[73,55],"tags":[],"class_list":["post-113719","post","type-post","status-publish","format-standard","hentry","category-actualite","category-tunisie"],"_links":{"self":[{"href":"https:\/\/linitiative.ca\/International\/wp-json\/wp\/v2\/posts\/113719","targetHints":{"allow":["GET"]}}],"collection":[{"href":"https:\/\/linitiative.ca\/International\/wp-json\/wp\/v2\/posts"}],"about":[{"href":"https:\/\/linitiative.ca\/International\/wp-json\/wp\/v2\/types\/post"}],"author":[{"embeddable":true,"href":"https:\/\/linitiative.ca\/International\/wp-json\/wp\/v2\/users\/1772"}],"replies":[{"embeddable":true,"href":"https:\/\/linitiative.ca\/International\/wp-json\/wp\/v2\/comments?post=113719"}],"version-history":[{"count":0,"href":"https:\/\/linitiative.ca\/International\/wp-json\/wp\/v2\/posts\/113719\/revisions"}],"wp:attachment":[{"href":"https:\/\/linitiative.ca\/International\/wp-json\/wp\/v2\/media?parent=113719"}],"wp:term":[{"taxonomy":"category","embeddable":true,"href":"https:\/\/linitiative.ca\/International\/wp-json\/wp\/v2\/categories?post=113719"},{"taxonomy":"post_tag","embeddable":true,"href":"https:\/\/linitiative.ca\/International\/wp-json\/wp\/v2\/tags?post=113719"}],"curies":[{"name":"wp","href":"https:\/\/api.w.org\/{rel}","templated":true}]}}