{"id":113720,"date":"2021-03-25T06:08:00","date_gmt":"2021-03-25T10:08:00","guid":{"rendered":"https:\/\/linitiative.ca\/International\/lancement-du-premier-satellite-tunisien-evenement-historique\/"},"modified":"2021-03-25T06:08:00","modified_gmt":"2021-03-25T10:08:00","slug":"lancement-du-premier-satellite-tunisien-evenement-historique","status":"publish","type":"post","link":"https:\/\/linitiative.ca\/International\/lancement-du-premier-satellite-tunisien-evenement-historique\/","title":{"rendered":"Lancement du premier satellite \u00abTunisien\u00bb: \u00e9v\u00e8nement historique?"},"content":{"rendered":"<p><span class=\"c2\"><strong><em><img decoding=\"async\" src=\"\/uploads\/FCK_files\/Hedi-Zaeim-min(1).jpg\" alt=\"\" width=\"20%\" vspace=\"5\" hspace=\"5\" align=\"right\"\/>Par Mohamed Hedi Zaiem<\/em><\/strong><\/span><\/p>\n<p><span class=\"c3\"><strong>Est-ce historique?<\/strong><\/span><\/p>\n<p>Le lancement par une soci\u00e9t\u00e9 tunisienne d\u2019un satellite a \u00e9t\u00e9 salu\u00e9 quasi-unanimement comme un exploit et un \u00e9v\u00e8nement historique \u00e0 tel point qu\u2019on a vu un pr\u00e9sident,\u00a0 qui n\u2019a pas daign\u00e9 f\u00eater la f\u00eate embl\u00e9matique de l\u2019ind\u00e9pendance, se r\u00e9veiller t\u00f4t et se d\u00e9placer au si\u00e8ge de la soci\u00e9t\u00e9 pour f\u00eater\u00a0 dans un d\u00e9luge verbal aux intonations moyen\u00e2geuses le caract\u00e8re historique de l\u2019\u00e9v\u00e8nement. Il en a profit\u00e9, au passage, pour lancer quelques \u00abmissiles\u00bb (bien tunisiens cette fois-ci, mais sans doute peu historiques) envers quelques toujours fantomatiques adversaires.<\/p>\n<p>Certains parmi ceux qui ont plong\u00e9 t\u00eate baiss\u00e9e dans cette \u00ab hadhra \u00bb, se sont empress\u00e9s d\u2019effacer certains posts euphoriques sur Facebook apr\u00e8s s\u2019\u00eatre rendu compte que plusieurs pays, pas plus avanc\u00e9s que nous, ont d\u00e9j\u00e0 fait mettre sur orbite plusieurs satellites dont nos fr\u00e8res du Maghreb, de petites principaut\u00e9s du Golfe et plusieurs pays africains. Soyons clairs au risque d\u2019\u00eatre cynique : mettre sur orbite un satellite est une entreprise commerciale que peut effectuer n\u2019importe quel pays ou entreprise \u00e0 condition de supporter le co\u00fbt de l\u2019investissement. Elle ne diff\u00e8re pas beaucoup de la mise en place d\u2019un r\u00e9seau de t\u00e9l\u00e9phonie mobile ou l\u2019acquisition d\u2019une flotte d\u2019autobus. On lance un satellite destin\u00e9 \u00e0 procurer certains services qui seront commercialis\u00e9s. Si c\u2019est bien \u00e9tudi\u00e9 et bien g\u00e9r\u00e9 \u00e7a se vendra et \u00e7a rapportera de l\u2019argent. Faisons seulement attention que les services vendus le soient dans l\u2019int\u00e9r\u00eat des investisseurs mais aussi de ceux du pays, d\u2019autant plus qu\u2019une grande opacit\u00e9 est de mise dans ce domaine, les tunisiens ne savent pour le moment pas grand-chose sur les services qui seront vendus par ce satellite, \u00e0 part cette d\u00e9clamation fumeuse mais qui fait \u00ab IN \u00bb : \u00e7a va \u00eatre utilis\u00e9 pour \u00ab l\u2019internet des objets \u00bb.<\/p>\n<p><span class=\"c3\"><strong>Est-ce tunisien?<\/strong><\/span><\/p>\n<p>Je vois d\u00e9j\u00e0 la t\u00eate de ceux qui r\u00e9torqueront : mais c\u2019est du 100% \u00abmade in Tunisia\u00bb avec des comp\u00e9tences 100% tunisiennes. Disons le tout de suite: le \u00ab100% quelque chose\u00bb n\u2019existe pas. Il n\u2019y a m\u00eame pas de 100% am\u00e9ricain ni de 100% chinois.<br \/>Sur le plan de la \u00abquincaillerie\u00bb, c&rsquo;est-\u00e0-dire celui du mat\u00e9riel qui constitue physiquement le cube satellitaire, parions qu\u2019il n\u2019y a probablement pas plus qu\u2019un tout petit pourcentage qui soit made in Tunisia, et encore; et que le reste a \u00e9t\u00e9 acquis comme pour tout le monde sur le march\u00e9 chinois. Apple fait faire ses t\u00e9l\u00e9phones en Chine, mais c\u2019est Apple qui les con\u00e7oit aux USA, qui retiennent quand m\u00eame chez eux les \u00e9l\u00e9ments cruciaux comme les microprocesseurs et les puces les plus importantes. A-t-on con\u00e7u quelques \u00e9l\u00e9ments ? A-t-on d\u00e9pos\u00e9 quelques brevets, cela reste \u00e0 savoir. Il y a aussi le c\u00f4t\u00e9 soft que constitue l\u2019architecture globale du cube. Je sais sur ce plan que la chose s\u2019est d\u00e9mocratis\u00e9e et que les plans-types sont largement disponibles, a-t-on optimis\u00e9 certains \u00e9l\u00e9ments, l\u00e0 aussi des brevets auraient pu \u00eatre d\u00e9pos\u00e9s.\u00a0 Il y a enfin le software, c&rsquo;est-\u00e0-dire l\u2019ensemble des logiciels embarqu\u00e9s et ceux destin\u00e9s \u00e0 g\u00e9rer le satellite et l\u2019exploiter. Sur ce plan je suis certains que nous avons tout fait, car nous sommes forts en d\u00e9veloppement.<\/p>\n<p>La technologie n\u2019est pas seulement une affaire de savoir ni de capacit\u00e9s intellectuelles, mais une affaire de syst\u00e8me. Le tunisien n\u2019a rien \u00e0 se reprocher sur le plan de\u00a0 ses capacit\u00e9s intellectuelles, et la preuve est \u00e0 trouver chez ces tunisiens qui r\u00e9ussissent \u00e0 l\u2019\u00e9tranger et qui arrivent \u00e0 int\u00e9grer les\u00a0 meilleures \u00e9coles du monde et \u00e0 occuper des postes de responsabilit\u00e9 tr\u00e8s \u00e9lev\u00e9s dans des institutions et entreprises renomm\u00e9es. Si nos pays\u00a0 sont technologiquement attard\u00e9s, ce n\u2019est certainement pas parce que nous sommes \u00ab handicap\u00e9s \u00bb intellectuellement, mais parce que la technologie n\u2019est pas une affaire de capacit\u00e9s intellectuelles mais plut\u00f4t de syst\u00e8me. Nous avons dans nos universit\u00e9s des scientifiques de tr\u00e8s haut niveau, et dans nos entreprises des ing\u00e9nieurs qui trouveraient leur place dans les plus grandes entreprises et centres de d\u00e9veloppement du monde, mais qui finissent par moisir dans leur coin faute d\u2019un environnement technologique et industriel capable de valoriser leurs comp\u00e9tences.<\/p>\n<p>Nous ne critiquons pas les efforts fournis par nos chercheurs et nos ing\u00e9nieurs, ils sont toujours utiles rien que parce que cela permet de \u00ab rester connect\u00e9 \u00bb. Ce que nous essayons de faire c\u2019est de contenir l\u2019enthousiasme d\u00e9mesur\u00e9 qui les accompagne. Ceux qui applaudissent de mani\u00e8re d\u00e9mesur\u00e9e \u00e0 la moindre r\u00e9alisation (r\u00e9elle ou suppos\u00e9e) scientifique et technologiques ont en fait int\u00e9rioris\u00e9 et cultivent un sentiment d\u2019inf\u00e9riorit\u00e9 qui n\u2019a aucune raison d\u2019\u00eatre, et essaient de faire une exploitation pas toujours tr\u00e8s saine de ces r\u00e9alisations.<\/p>\n<p><span class=\"c3\"><strong>Technologie et pauvret\u00e9 intellectuelle<\/strong><\/span><\/p>\n<p>Notre rapport au changement technologique est symptomatique de notre d\u00e9tresse et de notre pauvret\u00e9 intellectuelle.\u00a0 Ce rapport est d\u00e9termin\u00e9 par un \u00e9blouissement end\u00e9mique par la technologie. Ironiquement, cet \u00e9blouissement est un d\u00e9nominateur commun \u00e0 toutes les familles id\u00e9ologiques et politiques, de celles qui sont l\u00e0 pour servir le nouvel ordre mondial jusqu\u2019aux \u00ab progressistes \u00bb,\u00a0 et m\u00eame \u00e0 la gauche traditionnelle, en passant par les mouvements d&rsquo;ob\u00e9dience religieuse.\u00a0<\/p>\n<p>Faute d\u2019en \u00eatre les acteurs, et en consommateurs forc\u00e9s, nous ne sommes jamais arriv\u00e9s \u00e0 regarder les choses en face. Nous faisons face \u00e0 une ali\u00e9nation quasi-g\u00e9n\u00e9rale de nos penseurs du d\u00e9veloppement au progr\u00e8s technologique, au point d\u2019en faire la seule voie du d\u00e9veloppement et m\u00eame de la lib\u00e9ration.\u00a0 La pand\u00e9mie du covid19 a r\u00e9v\u00e9l\u00e9 notre crise intellectuelle. Nous disons avec Edgar Morin qu&rsquo;elle\u00a0 \u00ab\u00a0nous r\u00e9v\u00e8le le grand trou noir dans notre intelligence, rendant les complexit\u00e9s apparentes de la r\u00e9alit\u00e9 invisibles pour nous\u00a0\u00bb. Le changement technologique a \u00e9t\u00e9 au centre de nos pr\u00e9occupations car elle constitue la base id\u00e9ologique de ce que nous appelons le \u00abprojet h\u00e9g\u00e9monique\u00bb. Cela ne signifie pas que nous nous opposons au progr\u00e8s technologique qui est historiquement &#8211; et restera &#8211; le principal moteur de la croissance de la productivit\u00e9, et offre ainsi un grand potentiel pour am\u00e9liorer le niveau de bien-\u00eatre mat\u00e9riel de l&rsquo;humanit\u00e9, m\u00eame si nous payons pour cela un prix parfois \u00e9lev\u00e9 ; le changement fou du mod\u00e8le de consommation r\u00e9sultant du changement technologique continu est devenu, la premi\u00e8re source de pollution de l&rsquo;environnement et d&rsquo;\u00e9puisement des ressources naturelles de la plan\u00e8te. Il restera le principal outil de l&rsquo;h\u00e9g\u00e9monie \u00e9conomique d&rsquo;une mani\u00e8re qui en fait une question de vie ou de mort pour les grandes puissances dans leur guerre acharn\u00e9e pour acc\u00e9der \u00e0 l\u2019h\u00e9g\u00e9monie militaire, politique et \u00e9conomique.<\/p>\n<p>Ind\u00e9pendamment des inconv\u00e9nients et des avantages du changement technologique, nous nous opposons fermement au discours qui a abouti \u00e0 la naissance de la soi-disant \u00e9conomie de la connaissance, et dont les promoteurs tentent de nous tromper en disant que c&rsquo;est le signe du salut pour nos pays et le large chemin pour \u00abrattraper les nations avanc\u00e9es\u00bb. Nous avons montr\u00e9 ailleurs que c\u2019\u00e9tait fallacieux.<\/p>\n<p>Pour exprimer cela, le terme d\u00e9veloppement a progressivement disparu du lexique de nos penseurs \u00e9conomiques, et il a \u00e9t\u00e9 remplac\u00e9, dans un \u00e9lan quasi mystique, par des expressions telles que \u00abs&rsquo;engager dans des cha\u00eenes de valeur internationales\u00bb ou \u00abentrer dans le monde de l\u2019industrie 4.0 \u00bb et de\u00ab l\u2019\u00e9conomie du savoir \u00bb.\u00a0<\/p>\n<p><span class=\"c3\"><strong>Technologie et manipulation<\/strong><\/span><\/p>\n<p>Le lancement du satellite tunisien a offert une illustration unique de \u00abl&rsquo;\u00e9tat d&rsquo;exaltation\u00bb dans lequel beaucoup entrent simplement en parlant de technologie, car il y a exaltation par les produits euphorisants et il y en a par le culte de la technologie, et cela peut parfois servir de couverture pour des fins suspectes.<\/p>\n<p>C&rsquo;est comme si nos penseurs \u00e9taient entr\u00e9s, avec une unanimit\u00e9 douteuse, dans un \u00e9tat d&rsquo;euphorie sous l&rsquo;influence d\u2019une nouvelle mystique dirig\u00e9e par une clique de nouveaux pr\u00e9dicateurs. Nous sommes en pr\u00e9sence d\u2019une nouvelle forme de fondamentalisme qui n&rsquo;est pas diff\u00e9rente des autres. Nous attendions que nos penseurs jouent le r\u00f4le pour lequel ils sont suppos\u00e9s exister, c&rsquo;est-\u00e0-dire le leadership intellectuel des masses et l&rsquo;allumage continu du feu du doute et du questionnement. Il y a suffisamment de fous de dieu pour s\u2019occuper du remplissage des\u00a0 cerveaux par des certitudes, et suffisamment de professionnels de la politique pour les bourrer de d\u00e9magogie et de contre-v\u00e9rit\u00e9s.<\/p>\n<p>L\u2019une des plus grandes escroqueries intellectuelles est sans doute la confusion entre modernit\u00e9 et technologie. Regardez ce que l\u2019on a fait des diff\u00e9rentes innovations technologiques. L\u2019introduction de t\u00e9l\u00e9vision satellitaire dans nos pays a vu la naissance de plus de cha\u00eenes de propagande religieuse que de cha\u00eenes \u00ab civiles \u00bb. Les extraordinaires\u00a0 possibilit\u00e9s que procure l\u2019internet mobile sont plus exploit\u00e9es pour les pr\u00eaches,\u00a0 la propagande religieuse et les activit\u00e9s illicites, que pour la lib\u00e9ration des hommes \u00e0 travers la diffusion de la culture et l\u2019ouverture vers la culture universelle. On comprend alors l\u2019acharnement de nos islamistes \u00e0 se r\u00e9server l\u2019exclusivit\u00e9 du minist\u00e8re charg\u00e9 des technologies de l\u2019information et des communications. Cela cache bien s\u00fbr certains objectifs peu avouables, et cela permet \u00e0 une mouvance politique fondamentalement r\u00e9trograde de se donner un vernis de fausse modernit\u00e9. La vraie modernit\u00e9 r\u00e9side dans la lib\u00e9ration de l\u2019homme, or chaque progr\u00e8s technologique au lieu d\u2019y contribuer, participe plus \u00e0 nous renvoyer quelques si\u00e8cles en arri\u00e8re.<\/p>\n<p>A \u00e9couter les gens dans les caf\u00e9s et la rue, on se rend compte enfin que le commun des tunisiens, qui n\u2019a pas perdu toute sa clairvoyance, s\u2019interroge surtout sur ce que cette \u00ab lune artificielle \u00bb va lui apporter, et dans quelle mesure elle va am\u00e9liorer un quotidien de plus en plus dur. L\u2019ignorance dans laquelle sont les masses, l\u2019\u00e9blouissement que provoque l\u2019\u00e9vocation de termes savants entretient une relation tr\u00e8s in\u00e9galitaire entre ceux qui sont suppos\u00e9s savoir\u00a0 et ceux qui ne savent pas. Les charlatans-pr\u00e9dicateurs en leur tr\u00e9fonds\u00a0 lui r\u00e9pondent sans doute: \u00ab tais-toi, fais toi petit, que sont tes \u00ab petits soucis \u00bb de survie quand les grands se battent dans les ciels pour la gloire de ce pays, N\u2019as-tu pas honte !\u00bb.<\/p>\n<p class=\"c5\"><strong>Pr Mohamed Hedi Zaiem<\/strong><br \/><span class=\"c4\"><em>Statisticien Economiste ENSAE Paris<br \/>PhD<br \/>Senior Higher Education and Labour Market Specialist<\/em><\/span><br \/>\u00a0<\/p>\n<p>Auteur:<br \/>\n<a href=\"https:\/\/www.leaders.com.tn\/article\/31622-lancement-du-premier-satellite-tunisien-evenement-historique\">Cliquez ici pour lire l&rsquo;article depuis sa source.<\/a><\/p>\n","protected":false},"excerpt":{"rendered":"<p>Par Mohamed Hedi Zaiem Est-ce historique? Le lancement par une soci\u00e9t\u00e9 tunisienne d\u2019un satellite a \u00e9t\u00e9 salu\u00e9 quasi-unanimement comme un exploit et un \u00e9v\u00e8nement historique \u00e0 tel point qu\u2019on a vu un pr\u00e9sident,\u00a0 qui n\u2019a pas daign\u00e9 f\u00eater la f\u00eate embl\u00e9matique de l\u2019ind\u00e9pendance, se r\u00e9veiller t\u00f4t et se d\u00e9placer au si\u00e8ge de la soci\u00e9t\u00e9 pour [&hellip;]<\/p>\n","protected":false},"author":1772,"featured_media":0,"comment_status":"closed","ping_status":"closed","sticky":false,"template":"","format":"standard","meta":{"fifu_image_url":"\/uploads\/FCK_files\/Hedi-Zaeim-min(1).jpg","fifu_image_alt":"Lancement du premier satellite \u00abTunisien\u00bb: \u00e9v\u00e8nement historique?","footnotes":""},"categories":[73,55],"tags":[],"class_list":["post-113720","post","type-post","status-publish","format-standard","hentry","category-actualite","category-tunisie"],"_links":{"self":[{"href":"https:\/\/linitiative.ca\/International\/wp-json\/wp\/v2\/posts\/113720","targetHints":{"allow":["GET"]}}],"collection":[{"href":"https:\/\/linitiative.ca\/International\/wp-json\/wp\/v2\/posts"}],"about":[{"href":"https:\/\/linitiative.ca\/International\/wp-json\/wp\/v2\/types\/post"}],"author":[{"embeddable":true,"href":"https:\/\/linitiative.ca\/International\/wp-json\/wp\/v2\/users\/1772"}],"replies":[{"embeddable":true,"href":"https:\/\/linitiative.ca\/International\/wp-json\/wp\/v2\/comments?post=113720"}],"version-history":[{"count":0,"href":"https:\/\/linitiative.ca\/International\/wp-json\/wp\/v2\/posts\/113720\/revisions"}],"wp:attachment":[{"href":"https:\/\/linitiative.ca\/International\/wp-json\/wp\/v2\/media?parent=113720"}],"wp:term":[{"taxonomy":"category","embeddable":true,"href":"https:\/\/linitiative.ca\/International\/wp-json\/wp\/v2\/categories?post=113720"},{"taxonomy":"post_tag","embeddable":true,"href":"https:\/\/linitiative.ca\/International\/wp-json\/wp\/v2\/tags?post=113720"}],"curies":[{"name":"wp","href":"https:\/\/api.w.org\/{rel}","templated":true}]}}