{"id":113724,"date":"2021-03-25T06:00:00","date_gmt":"2021-03-25T10:00:00","guid":{"rendered":"https:\/\/linitiative.ca\/International\/rachad-lapn-et-belmadi\/"},"modified":"2021-03-25T06:00:00","modified_gmt":"2021-03-25T10:00:00","slug":"rachad-lapn-et-belmadi","status":"publish","type":"post","link":"https:\/\/linitiative.ca\/International\/rachad-lapn-et-belmadi\/","title":{"rendered":"Rachad, l\u2019APN et\u2026 Belmadi"},"content":{"rendered":"<p class=\"c3\">Premier point : Faut-il diaboliser Rachad et lui donner un poids qu\u2019il n\u2019a sans doute pas au sein d\u2019un Hirak qui ne saurait \u00eatre r\u00e9duit \u00e0 un seul courant ? Ce mouvement d\u2019ob\u00e9dience islamiste, dirig\u00e9 par des personnalit\u00e9s clivantes \u2014 Mourad Dhina et Larbi Zitout \u2014 est suspect\u00e9 de disposer d\u2019un agenda cach\u00e9.\u00a0<br \/>\u00c0 l\u2019instar des autres composantes de la mouvance islamiste, Rachad \u00e9tait plut\u00f4t discret au tout d\u00e9but du Hirak o\u00f9 \u00abAlg\u00e9rie libre et d\u00e9mocratique\u00bb \u00e9tait le slogan dominant. Au printemps 2019, \u00e9poque des m\u00e9ga-marches, avan\u00e7ant de fa\u00e7on prudente, Rachad est parvenu\u00a0 \u00e0 se faire une place au sein du mouvement populaire en se d\u00e9lestant des mauvaises \u00e9tiquettes \u2014 islamiste, produit de l\u2019ex-FIS\u2026 \u2014 un peu sur le mod\u00e8le de son mentor l\u2019AKP de Tayyip Erdogan, qui a pris ses distances avec Necmettin Erbakan : l\u2019AKP se d\u00e9finit comme islamo-conservateur plut\u00f4t qu\u2019islamiste. Rachad est sur cette ligne et dans la s\u00e9duction, tout le contraire de l\u2019ex-FIS qui affichait, sans prendre de gants, la volont\u00e9 de mettre fin \u00e0 la d\u00e9mocratie et au multipartisme au nom de la primaut\u00e9 du religieux sur le politique.\u00a0<br \/>Pour l\u2019heure, cette strat\u00e9gie lisse a si bien r\u00e9ussi \u00e0 Rachad, dont le but est de f\u00e9d\u00e9rer sous sa banni\u00e8re les d\u00e9\u00e7us de l\u2019islam politique et les couches sociales conservatrices, qu\u2019il a fini par s\u2019imposer et imposer sa marque sur le Hirak, via certains slogans apparus depuis f\u00e9vrier 2021 et qui, de mon point de vue, divisent plus qu\u2019ils n\u2019unissent le mouvement populaire.\u00a0<br \/>Avant de fermer la parenth\u00e8se Rachad, il y a trois points que ce mouvement qui parle de d\u00e9mocratie et de libert\u00e9s \u2013 pas toutes, loin s\u2019en faut \u2014 n\u2019\u00e9voque pas : la libert\u00e9 de conscience, l\u2019abolition du code de la famille et la s\u00e9paration du religieux et du politique. Sur ces trois points, le mouvement de Mourad Dhina est \u00e0 quelques nuances pr\u00e8s sur la m\u00eame ligne que le pouvoir politique qu\u2019il pr\u00e9tend combattre. Et bien qu\u2019il cible l\u2019arm\u00e9e mais pas toute l\u2019arm\u00e9e, rien ne permet de penser que Rachad \u00e9carte toute solution avec le pouvoir actuel ! Au d\u00e9triment de qui ? On verra\u2026\u00a0<br \/>Second point. Verra-t-on une APN sans opposants le soir du 12 juin prochain ? Tous les partis qui vont participer et qui ont tous en commun d\u2019avoir soutenu le 5e mandat pl\u00e9biscitent la feuille de route d\u00e9clin\u00e9e par le pouvoir politique. Ce qui fait que le 12 juin, la nouvelle APN ressemblera peu ou prou \u00e0 l\u2019ancienne, mais selon toute probabilit\u00e9 sans l\u2019opposition d\u00e9mocrate. Si cela se confirmait, on aurait ainsi une APN monolithique, dont les composantes vont rivaliser de z\u00e8le envers le pouvoir politique.\u00a0<br \/>Troisi\u00e8me point, cette campagne d\u00e9stabilisatrice contre Djamel Belmadi. Sa gestion de l\u2019\u00e9quipe nationale de football, ses choix tactiques et le fait de mettre ses joueurs \u00e0 l\u2019abri de la pression m\u00e9diatique, son franc-parler et son refus que l\u2019on interf\u00e8re dans la composition de l\u2019\u00e9quipe nationale ne plaisent pas. Des sp\u00e9cialistes locaux du ballon rond l\u2019ont vertement critiqu\u00e9 pour avoir remis en selle Slimani quand d\u2019autres ont tent\u00e9 de lui imposer des joueurs locaux au motif qu\u2019ils sont plus combatifs que les binationaux suspect\u00e9s d\u2019\u00eatre moins alg\u00e9riens que les autres ! Les m\u00eames ont pari\u00e9 sur une \u00e9limination pr\u00e9matur\u00e9e du onze national \u00e0 la CAN 2019. Non seulement, ils ont eu tout faux mais c\u2019est tout juste s\u2019ils n\u2019ont pas reproch\u00e9 \u00e0 Belmadi d\u2019avoir remport\u00e9 la CAN en \u00c9gypte, battu ou fait jeu \u00e9gal avec la Colombie et le Mexique !\u00a0<br \/>Comme si cela ne suffisait pas, bien que Belmadi ait refus\u00e9 publiquement que son nom soit instrumentalis\u00e9 par les clans qui se disputent la pr\u00e9sidence de la FAF, il s\u2019est trouv\u00e9 des m\u00e9dias et des sites en ligne dont curieusement des sites marocains, pour remettre le couvercle sur la marmite. Ils clament la main sur le c\u0153ur que Belmadi va d\u00e9missionner en signe de solidarit\u00e9 avec Kheireddine Zetchi pouss\u00e9 vers la sortie par les pouvoirs publics !\u00a0<br \/>En bref, il faut avoir les reins solides dans ce monde du football alg\u00e9rien caract\u00e9ris\u00e9 par\u00a0 l\u2019instabilit\u00e9, l\u2019incomp\u00e9tence, la gabegie et les coups bas&#8230; Quant \u00e0 Djamel Belmadi, force est d\u2019admettre qu\u2019il a gagn\u00e9 en popularit\u00e9 plus que tout autre s\u00e9lectionneur l\u2019ayant pr\u00e9c\u00e9d\u00e9 \u00e0 ce poste. Et \u00e7a, \u00e7a d\u00e9range\u2026\u00a0<br \/><em><strong>H. Z.\u00a0<\/strong><\/em><\/p>\n<p>Auteur:<br \/>\n<a href=\"https:\/\/www.lesoirdalgerie.com\/ce-monde-qui-bouge\/rachad-lapn-et-belmadi-58457\">Cliquez ici pour lire l&rsquo;article depuis sa source.<\/a><\/p>\n","protected":false},"excerpt":{"rendered":"<p>Premier point : Faut-il diaboliser Rachad et lui donner un poids qu\u2019il n\u2019a sans doute pas au sein d\u2019un Hirak qui ne saurait \u00eatre r\u00e9duit \u00e0 un seul courant ? Ce mouvement d\u2019ob\u00e9dience islamiste, dirig\u00e9 par des personnalit\u00e9s clivantes \u2014 Mourad Dhina et Larbi Zitout \u2014 est suspect\u00e9 de disposer d\u2019un agenda cach\u00e9.\u00a0\u00c0 l\u2019instar des [&hellip;]<\/p>\n","protected":false},"author":1741,"featured_media":0,"comment_status":"closed","ping_status":"closed","sticky":false,"template":"","format":"standard","meta":{"fifu_image_url":"","fifu_image_alt":"","footnotes":""},"categories":[73,53],"tags":[],"class_list":["post-113724","post","type-post","status-publish","format-standard","hentry","category-actualite","category-algerie"],"_links":{"self":[{"href":"https:\/\/linitiative.ca\/International\/wp-json\/wp\/v2\/posts\/113724","targetHints":{"allow":["GET"]}}],"collection":[{"href":"https:\/\/linitiative.ca\/International\/wp-json\/wp\/v2\/posts"}],"about":[{"href":"https:\/\/linitiative.ca\/International\/wp-json\/wp\/v2\/types\/post"}],"author":[{"embeddable":true,"href":"https:\/\/linitiative.ca\/International\/wp-json\/wp\/v2\/users\/1741"}],"replies":[{"embeddable":true,"href":"https:\/\/linitiative.ca\/International\/wp-json\/wp\/v2\/comments?post=113724"}],"version-history":[{"count":0,"href":"https:\/\/linitiative.ca\/International\/wp-json\/wp\/v2\/posts\/113724\/revisions"}],"wp:attachment":[{"href":"https:\/\/linitiative.ca\/International\/wp-json\/wp\/v2\/media?parent=113724"}],"wp:term":[{"taxonomy":"category","embeddable":true,"href":"https:\/\/linitiative.ca\/International\/wp-json\/wp\/v2\/categories?post=113724"},{"taxonomy":"post_tag","embeddable":true,"href":"https:\/\/linitiative.ca\/International\/wp-json\/wp\/v2\/tags?post=113724"}],"curies":[{"name":"wp","href":"https:\/\/api.w.org\/{rel}","templated":true}]}}