{"id":113725,"date":"2021-03-25T06:00:00","date_gmt":"2021-03-25T10:00:00","guid":{"rendered":"https:\/\/linitiative.ca\/International\/bientot-le-permis-a-points\/"},"modified":"2021-03-25T06:00:00","modified_gmt":"2021-03-25T10:00:00","slug":"bientot-le-permis-a-points","status":"publish","type":"post","link":"https:\/\/linitiative.ca\/International\/bientot-le-permis-a-points\/","title":{"rendered":"Bient\u00f4t le permis \u00e0 points"},"content":{"rendered":"<p class=\"c3\">Le minist\u00e8re de l\u2019Int\u00e9rieur, des Collectivit\u00e9s locales et de l\u2019Am\u00e9nagement du territoire est en cours de finaliser ses deux projets phares, qui sont le permis de conduire biom\u00e9trique \u00e0 points (PCBEP) et la carte \u00e9lectronique d\u2019immatriculation des v\u00e9hicules (CEIV). D\u2019ailleurs, le d\u00e9partement de Kamel Beldjoud n\u2019attend plus que l\u2019acquisition d\u2019\u00e9quipements sp\u00e9cifiques n\u00e9cessaires au lancement de la mise en pratique de ses innovations appel\u00e9es \u00e0 r\u00e9volutionner la circulation routi\u00e8re en Alg\u00e9rie. Le permis \u00e0 points, surtout, permettra \u00e0 coup s\u00fbr de faire baisser le nombre d\u2019accidents sur nos routes.<\/p>\n<p>Auteur:<br \/>\n<a href=\"https:\/\/www.lesoirdalgerie.com\/periscoop\/bientot-le-permis-a-points-58455\">Cliquez ici pour lire l&rsquo;article depuis sa source.<\/a><\/p>\n","protected":false},"excerpt":{"rendered":"<p>Le minist\u00e8re de l\u2019Int\u00e9rieur, des Collectivit\u00e9s locales et de l\u2019Am\u00e9nagement du territoire est en cours de finaliser ses deux projets phares, qui sont le permis de conduire biom\u00e9trique \u00e0 points (PCBEP) et la carte \u00e9lectronique d\u2019immatriculation des v\u00e9hicules (CEIV). D\u2019ailleurs, le d\u00e9partement de Kamel Beldjoud n\u2019attend plus que l\u2019acquisition d\u2019\u00e9quipements sp\u00e9cifiques n\u00e9cessaires au lancement de [&hellip;]<\/p>\n","protected":false},"author":1741,"featured_media":0,"comment_status":"closed","ping_status":"closed","sticky":false,"template":"","format":"standard","meta":{"fifu_image_url":"","fifu_image_alt":"","footnotes":""},"categories":[73,53],"tags":[],"class_list":["post-113725","post","type-post","status-publish","format-standard","hentry","category-actualite","category-algerie"],"_links":{"self":[{"href":"https:\/\/linitiative.ca\/International\/wp-json\/wp\/v2\/posts\/113725","targetHints":{"allow":["GET"]}}],"collection":[{"href":"https:\/\/linitiative.ca\/International\/wp-json\/wp\/v2\/posts"}],"about":[{"href":"https:\/\/linitiative.ca\/International\/wp-json\/wp\/v2\/types\/post"}],"author":[{"embeddable":true,"href":"https:\/\/linitiative.ca\/International\/wp-json\/wp\/v2\/users\/1741"}],"replies":[{"embeddable":true,"href":"https:\/\/linitiative.ca\/International\/wp-json\/wp\/v2\/comments?post=113725"}],"version-history":[{"count":0,"href":"https:\/\/linitiative.ca\/International\/wp-json\/wp\/v2\/posts\/113725\/revisions"}],"wp:attachment":[{"href":"https:\/\/linitiative.ca\/International\/wp-json\/wp\/v2\/media?parent=113725"}],"wp:term":[{"taxonomy":"category","embeddable":true,"href":"https:\/\/linitiative.ca\/International\/wp-json\/wp\/v2\/categories?post=113725"},{"taxonomy":"post_tag","embeddable":true,"href":"https:\/\/linitiative.ca\/International\/wp-json\/wp\/v2\/tags?post=113725"}],"curies":[{"name":"wp","href":"https:\/\/api.w.org\/{rel}","templated":true}]}}