{"id":113727,"date":"2021-03-25T06:00:00","date_gmt":"2021-03-25T10:00:00","guid":{"rendered":"https:\/\/linitiative.ca\/International\/notre-systeme-economique-est-obsolete\/"},"modified":"2021-03-25T06:00:00","modified_gmt":"2021-03-25T10:00:00","slug":"notre-systeme-economique-est-obsolete","status":"publish","type":"post","link":"https:\/\/linitiative.ca\/International\/notre-systeme-economique-est-obsolete\/","title":{"rendered":"\u00abNotre syst\u00e8me \u00e9conomique est obsol\u00e8te\u00bb"},"content":{"rendered":"<p><iframe loading=\"lazy\" allow=\"accelerometer; autoplay; clipboard-write; encrypted-media; gyroscope; picture-in-picture\" allowfullscreen=\"allowfullscreen\" frameborder=\"0\" height=\"327\" src=\"https:\/\/www.youtube.com\/embed\/0QHDl0cj3Nw?rel=0&amp;autoplay=1\" width=\"580\">[embedded content]<\/iframe><\/p>\n<p>L\u2019expert en finances et directeur de la soci\u00e9t\u00e9 de conseils strat\u00e9giques SL Finances, Rachid Sekak, a tent\u00e9, jeudi dernier, lors de son intervention dans l\u2019\u00e9mission hebdomadaire du Soir d\u2019Alg\u00e9rie, \u00abLSA direct\u00bb, de faire un \u00e9tat des lieux de la conjoncture \u00e9conomique, qui ne cesse de susciter des incertitudes.<br \/>Situation ponctu\u00e9e par une fragilit\u00e9 end\u00e9mique depuis quelques ann\u00e9es maintenant, notamment apr\u00e8s la chute des cours du p\u00e9trole. N\u00e9anmoins, pour cet expert, ce facteur, auquel on a tendance \u00e0 attribuer tous nos malheurs, n\u2019a fait que r\u00e9v\u00e9ler l\u2019obsolescence de notre mod\u00e8le \u00e9conomique.<br \/>Massiva Zehraoui &#8211; Alger (Le Soir) &#8211; Rachid Sekak a soulign\u00e9 la n\u00e9cessit\u00e9 de \u00ab changer de paradigme \u00e9conomique \u00bb, dans la mesure o\u00f9 le syst\u00e8me actuel a d\u00e9montr\u00e9 son incapacit\u00e9 \u00e0 fonctionner de la m\u00eame fa\u00e7on qu\u2019il le faisait dans un pass\u00e9 lointain. Avant d\u2019approfondir son analyse, il pr\u00e9cise que ce n\u2019est pas chose ais\u00e9e que de r\u00e9sumer en quelques mots la situation \u00e9conomique de l\u2019Alg\u00e9rie, car tr\u00e8s complexe.<br \/>Rachid Sekak estime, en revanche, que le probl\u00e8me de notre mod\u00e8le \u00e9conomique r\u00e9side dans le fait \u00ab que les \u00e9quilibres sociaux politiques et \u00e9conomiques ont toujours \u00e9t\u00e9 tributaires d\u2019une variable exog\u00e8ne qui est le prix du baril \u00bb. Selon l\u2019expert financier, la crise \u00e9conomique que conna\u00eet l\u2019Alg\u00e9rie n\u2019a pas pour seule origine l\u2019effondrement des prix du p\u00e9trole sur le march\u00e9. Attribuer cet \u00e9tat de fait \u00e0 cet unique aspect serait une erreur, insiste-t-il. \u00ab Ce qu\u2019on vit actuellement est la r\u00e9sultante d\u2019une combinaison de plusieurs probl\u00e8mes plus ou moins s\u00e9rieux\u00bb, dit-il. Rachid Sekak voit en la chute des prix du baril survenue en 2014 un \u00e9l\u00e9ment qui a contribu\u00e9 \u00e0 r\u00e9v\u00e9ler que \u00ab le syst\u00e8me \u00e9conomique national est obsol\u00e8te \u00bb. Il fait remarquer que, par la suite, les autorit\u00e9s ont tent\u00e9 tant bien que mal de colmater les br\u00e8ches, \u00ab mais cette posture n\u2019a pas aid\u00e9 \u00e0 am\u00e9liorer les choses \u00bb. Pour ce dernier, il est \u00e9vident qu\u2019aujourd\u2019hui, ce constat exige \u00ab de changer compl\u00e8tement de mod\u00e8le \u00e9conomique \u00bb. Il juge utile de penser \u00e0 passer concr\u00e8tement \u00e0 une \u00e9conomie de production de biens et de services.<\/p>\n<p><strong>L\u2019endettement ext\u00e9rieur est une alternative<\/strong><br \/>R\u00e9fl\u00e9chissant \u00e0 de nouvelles perspectives, Rachid Sekak a \u00e9voqu\u00e9 le recours \u00e0 l\u2019endettement ext\u00e9rieur pour permettre d\u2019att\u00e9nuer \u00ab l\u2019amenuisement rapide de nos r\u00e9serves de change \u00bb.<br \/>Il rappelle que celles-ci sont pass\u00e9es de 195 milliards au d\u00e9but de l\u2019ann\u00e9e 2014 \u00e0 40 milliards en ce moment. Ce bilan ne peut \u00eatre pris \u00e0 la l\u00e9g\u00e8re, pr\u00e9vient-il. Il juge que la dette ne doit pas \u00eatre per\u00e7ue comme un objet politique mais plut\u00f4t \u00ab comme n\u2019importe quel autre instrument \u00bb. L\u2019expert pr\u00e9cise, cependant, que l\u2019endettement ext\u00e9rieur va sans doute contribuer \u00e0 op\u00e9rer un ajustement qui am\u00e8nerait \u00e0 r\u00e9duire les co\u00fbts sociaux, mais ne les \u00e9vitera s\u00fbrement pas. Le co\u00fbt social est in\u00e9vitable, explique-t-il, en sachant qu\u2019il est \u00ab le fruit de la gabegie \u00e9conomique de ces derni\u00e8res ann\u00e9es \u00bb. Il rel\u00e8ve, dans le m\u00eame contexte, qu\u2019outre cette dimension, \u00ab les capacit\u00e9s de l\u2019Alg\u00e9rie \u00e0 mobiliser des cr\u00e9dits ext\u00e9rieurs sont tr\u00e8s limit\u00e9es \u00bb. Par rapport \u00e0 l\u2019amplitude de nos d\u00e9ficits, la dette ext\u00e9rieure ne pourra que couvrir l\u2019\u00e9quivalent d\u2019un an d\u2019exportation.<br \/>Rachid Sekak insiste, toutefois, qu\u2019il faut distinguer entre deux cat\u00e9gories de dettes et prendre le soin d\u2019en choisir la bonne. C&rsquo;est-\u00e0-dire celle \u00ab qui cr\u00e9e de l\u2019emploi, qui fait de la croissance, et qui augmente les exportations\u00bb. Elle n\u2019est donc pas contraire \u00e0 notre souverainet\u00e9, dit-il. L\u2019intervenant pointe du doigt le \u00ab d\u00e9s\u00e9quilibres macro\u00e9conomique qui caract\u00e9rise l\u2019Alg\u00e9rie, avan\u00e7ant qu\u2019il est \u00ab intenable \u00bb. C\u2019est pourquoi il pr\u00e9vient : \u00ab Si on ne s\u2019ajuste pas rapidement, nous irons in\u00e9vitablement vers une impasse.\u00bb<\/p>\n<p><strong>La r\u00e9forme bancaire est n\u00e9cessaire<\/strong><br \/>Le directeur de la soci\u00e9t\u00e9 de conseils strat\u00e9giques SL Finances a, en outre, abord\u00e9 la question de la r\u00e9forme bancaire, qu\u2019il estime aujourd\u2019hui \u00ab n\u00e9cessaire \u00bb. Cela dit, ce processus devra \u00eatre accompagn\u00e9 par \u00ab des mesures compl\u00e9mentaires \u00bb.<br \/>Rachid Sekak estime qu\u2019il faut clairement revoir la gouvernance des banques publiques. Situant la probl\u00e9matique, il soutient qu\u2019elles constituent l\u2019\u00e9l\u00e9ment par lequel se fait la distribution de la rente. \u00ab Leur r\u00f4le a toujours \u00e9t\u00e9 ambigu \u00bb, signale-t-il, \u00ab ce r\u00f4le est commercial, mais il est \u00e0 la fois pour le compte de l\u2019\u00c9tat \u00bb. Le probl\u00e8me est que ces deux aspects n\u2019ont jamais \u00e9t\u00e9 dissoci\u00e9s, d\u2019apr\u00e8s lui. C\u2019est pourquoi il est difficile aujourd\u2019hui d\u2019appr\u00e9cier l\u2019efficacit\u00e9 de nos banques.<br \/>M. Z.<\/p>\n<p>Auteur:<br \/>\n<a href=\"https:\/\/www.lesoirdalgerie.com\/actualites\/notre-systeme-economique-est-obsolete-58190\">Cliquez ici pour lire l&rsquo;article depuis sa source.<\/a><\/p>\n","protected":false},"excerpt":{"rendered":"<p>[embedded content] L\u2019expert en finances et directeur de la soci\u00e9t\u00e9 de conseils strat\u00e9giques SL Finances, Rachid Sekak, a tent\u00e9, jeudi dernier, lors de son intervention dans l\u2019\u00e9mission hebdomadaire du Soir d\u2019Alg\u00e9rie, \u00abLSA direct\u00bb, de faire un \u00e9tat des lieux de la conjoncture \u00e9conomique, qui ne cesse de susciter des incertitudes.Situation ponctu\u00e9e par une fragilit\u00e9 end\u00e9mique [&hellip;]<\/p>\n","protected":false},"author":1741,"featured_media":0,"comment_status":"closed","ping_status":"closed","sticky":false,"template":"","format":"standard","meta":{"fifu_image_url":"","fifu_image_alt":"","footnotes":""},"categories":[73,53],"tags":[],"class_list":["post-113727","post","type-post","status-publish","format-standard","hentry","category-actualite","category-algerie"],"_links":{"self":[{"href":"https:\/\/linitiative.ca\/International\/wp-json\/wp\/v2\/posts\/113727","targetHints":{"allow":["GET"]}}],"collection":[{"href":"https:\/\/linitiative.ca\/International\/wp-json\/wp\/v2\/posts"}],"about":[{"href":"https:\/\/linitiative.ca\/International\/wp-json\/wp\/v2\/types\/post"}],"author":[{"embeddable":true,"href":"https:\/\/linitiative.ca\/International\/wp-json\/wp\/v2\/users\/1741"}],"replies":[{"embeddable":true,"href":"https:\/\/linitiative.ca\/International\/wp-json\/wp\/v2\/comments?post=113727"}],"version-history":[{"count":0,"href":"https:\/\/linitiative.ca\/International\/wp-json\/wp\/v2\/posts\/113727\/revisions"}],"wp:attachment":[{"href":"https:\/\/linitiative.ca\/International\/wp-json\/wp\/v2\/media?parent=113727"}],"wp:term":[{"taxonomy":"category","embeddable":true,"href":"https:\/\/linitiative.ca\/International\/wp-json\/wp\/v2\/categories?post=113727"},{"taxonomy":"post_tag","embeddable":true,"href":"https:\/\/linitiative.ca\/International\/wp-json\/wp\/v2\/tags?post=113727"}],"curies":[{"name":"wp","href":"https:\/\/api.w.org\/{rel}","templated":true}]}}