{"id":113733,"date":"2021-03-25T16:08:36","date_gmt":"2021-03-25T20:08:36","guid":{"rendered":"https:\/\/linitiative.ca\/International\/campagne-pour-la-presidentielle-au-benin\/"},"modified":"2021-03-25T16:08:36","modified_gmt":"2021-03-25T20:08:36","slug":"campagne-pour-la-presidentielle-au-benin","status":"publish","type":"post","link":"https:\/\/linitiative.ca\/International\/campagne-pour-la-presidentielle-au-benin\/","title":{"rendered":"CAMPAGNE POUR LA PRESIDENTIELLE AU BENIN"},"content":{"rendered":"<p class=\"c4\"><em>Aujourd\u2019hui, vendredi 26 mars 2021, d\u00e9bute la campagne \u00e9lectorale pour la pr\u00e9sidentielle du 11 avril au B\u00e9nin. Trois candidats ont \u00e9t\u00e9 autoris\u00e9s par la Cour constitutionnelle \u00e0 prendre part \u00e0 la comp\u00e9tition. Il s\u2019agit du pr\u00e9sident sortant, Patrice Talon, d\u2019Alassane Soumanou Djimba et de Corentin Kohou\u00e9.<\/em> <em>Le tamis donc voulu par Patrice Talon, a \u00e9t\u00e9 sans piti\u00e9. Car, vingt (20) dossiers avaient \u00e9t\u00e9 d\u00e9pos\u00e9s. R\u00e9sultat : Patrice Talon se retrouve face \u00e0 deux illustres inconnus de la sc\u00e8ne politique b\u00e9ninoise. L\u2019on peut m\u00eame prendre le risque de dire que Talon s\u2019est choisi deux adversaires \u00e0 son go\u00fbt pour l\u2019accompagner dans la course \u00e0 la pr\u00e9sidentielle. La campagne risque fort donc de ne pas emballer les B\u00e9ninoises et les B\u00e9ninois. Mais de cela, Patrice Talon n\u2019en a cure, puisque depuis son arriv\u00e9e \u00e0 la t\u00eate du pays en 2016, il s\u2019est employ\u00e9, avec m\u00e9thode, \u00e0 faire respirer la d\u00e9mocratie b\u00e9ninoise par une seule narine : la sienne. En tout cas, tout laisse croire que l\u2019ancien homme d\u2019affaires ne supporte pas la concurrence, surtout celle qui peut mettre v\u00e9ritablement son fauteuil en danger.\u00a0<\/em> <em>Et pour se mettre \u00e0 l\u2019abri de toute surprise, il cr\u00e9e des mis\u00e8res aux B\u00e9ninoises et B\u00e9ninois susceptibles de lui tenir la drag\u00e9e haute dans les urnes. Ainsi a-t-il contraint l\u2019homme d\u2019affaires et opposant S\u00e9bastien Ajavon \u00e0 l\u2019exil. Aujourd\u2019hui, c\u2019est Reckya Madougou qui est dans son viseur. L\u2019opposante et candidate du parti les D\u00e9mocrates de l\u2019ancien pr\u00e9sident Yayi Boni, a \u00e9t\u00e9 accus\u00e9e et condamn\u00e9e pour terrorisme. Et l\u2019un des instruments aux mains de Patrice Talon pour r\u00e9gler les comptes \u00e0 ses opposants s\u00e9rieux, est la Cour de r\u00e9pression des infractions \u00e9conomiques et du terrorisme (CRIET). En tout cas, l\u2019on peut noter que le calendrier judiciaire de la structure a \u00e9t\u00e9, pour le moins, charg\u00e9 ces derniers temps.<\/em><\/p>\n<p class=\"c4\"><em>\u00a0<\/em><\/p>\n<p class=\"c6\"><strong><em>Une d\u00e9mocratie sans opposition est une d\u00e9mocratie simul\u00e9e<\/em><\/strong><\/p>\n<p class=\"c4\"><em>\u00a0<\/em><\/p>\n<p class=\"c4\"><em>\u00a0En effet, la CRIET a rendu deux d\u00e9cisions concernant des personnalit\u00e9s politiques, \u00e0 quelques encablures seulement du premier tour de la pr\u00e9sidentielle du 11 avril prochain. Et pour rendre davantage imparable son plan machiav\u00e9lique de liquidation de la d\u00e9mocratie, Patrice Talon a mis en place son fameux syst\u00e8me de parrainages. Cette trouvaille lui a permis de fabriquer et de faire valider des adversaires fantoches. Et ce n\u2019est pas faire injure \u00e0 Alassane Soumanou Djimba et \u00e0 Corentin Kohou\u00e9 de leur coller cette \u00e9pith\u00e8te. Car, c\u2019est \u00e7a qui est la v\u00e9rit\u00e9. En tout cas, au soir du 11 avril prochain, ces deux candidats \u00ab\u00a0motards\u00a0\u00bb risquent d\u2019avoir des scores ridicules. Et comme l\u2019on a \u00a0affaire \u00e0 des victimes consentantes, ils joueront la com\u00e9die jusqu\u2019au bout en f\u00e9licitant le vainqueur. Ainsi donc, Patrice Talon a r\u00e9ussi le coup de force, en l\u2019espace d\u2019un mandat, de faire descendre le B\u00e9nin de son pi\u00e9destal d\u00e9mocratique pour le positionner sur la liste des pays o\u00f9 la d\u00e9mocratie est malmen\u00e9e. Et au rythme o\u00f9 vont les choses, il n\u2019est pas exclu que le B\u00e9nin renoue avec le monopartisme. C\u2019est m\u00eame pratiquement chose faite. Car, presque tous les maires du pays et tous les d\u00e9put\u00e9s de l\u2019Assembl\u00e9e nationale ont \u00e9t\u00e9 \u00e9lus sous la banni\u00e8re de Patrice Talon. Et cet unanimisme politique est aux antipodes des principes cardinaux de la d\u00e9mocratie, la vraie. En effet, une d\u00e9mocratie sans opposition est une d\u00e9mocratie simul\u00e9e. Et \u00e0 force de vouloir tailler la m\u00eame camisole pour l\u2019ensemble des B\u00e9ninois, Patrice Talon expose son pays \u00e0 des risques de changement inconstitutionnel du pouvoir. En tout cas, s\u2019il persiste et signe dans sa strat\u00e9gie de neutralisation politique des opposants d\u2019envergure, la probabilit\u00e9 est forte que ces derniers, pouss\u00e9s dans leurs derniers retranchements, explorent des voies peu d\u00e9mocratiques pour se d\u00e9barrasser de lui. En attendant, la campagne qui s\u2019ouvre aujourd\u2019hui, est pratiquement un non-\u00e9v\u00e9nement. Car, elle sera marqu\u00e9e par le match Patrice Talon contre Patrice Talon. C\u2019est ce dernier qui battra le tambour ganga et dansera seul. Et le moins que l\u2019on puisse dire, c\u2019est que c\u2019est du g\u00e2chis, au regard du parcours d\u00e9mocratique \u00e9logieux du B\u00e9nin depuis la Conf\u00e9rence nationale. En 2016, pourtant, Patrice Talon portait de grands r\u00eaves pour le B\u00e9nin. Aujourd\u2019hui, il a apport\u00e9 la preuve qu\u2019il ne suffit pas d\u2019\u00eatre un homme d\u2019affaires prosp\u00e8re pour diriger, dans les r\u00e8gles de l\u2019art, d\u00e9mocratiquement un pays. Et \u00e7a, les B\u00e9ninois \u00e9pris de d\u00e9mocratie, l\u2019auront appris \u00e0 leurs d\u00e9pens.<\/em><\/p>\n<p class=\"c4\"><em>\u00a0<\/em><\/p>\n<p class=\"c6\"><strong><em>Pousdem PICKOU<\/em><\/strong><\/p>\n<p class=\"c6\"><strong><em>\u00a0<\/em><\/strong><\/p>\n<p class=\"c6\"><strong><em>Tambour ganga<\/em><em>*: instrument de musique traditionnel du B\u00e9nin<\/em><\/strong><\/p>\n<p>Auteur: Editions LEPAYS<br \/>\n<a href=\"https:\/\/lepays.bf\/campagne-pour-la-presidentielle-au-benin\/\">Cliquez ici pour lire l&rsquo;article depuis sa source.<\/a><\/p>\n","protected":false},"excerpt":{"rendered":"<p>Aujourd\u2019hui, vendredi 26 mars 2021, d\u00e9bute la campagne \u00e9lectorale pour la pr\u00e9sidentielle du 11 avril au B\u00e9nin. Trois candidats ont \u00e9t\u00e9 autoris\u00e9s par la Cour constitutionnelle \u00e0 prendre part \u00e0 la comp\u00e9tition. Il s\u2019agit du pr\u00e9sident sortant, Patrice Talon, d\u2019Alassane Soumanou Djimba et de Corentin Kohou\u00e9. Le tamis donc voulu par Patrice Talon, a \u00e9t\u00e9 [&hellip;]<\/p>\n","protected":false},"author":1813,"featured_media":0,"comment_status":"closed","ping_status":"closed","sticky":false,"template":"","format":"standard","meta":{"fifu_image_url":"","fifu_image_alt":"","footnotes":""},"categories":[73,81],"tags":[],"class_list":["post-113733","post","type-post","status-publish","format-standard","hentry","category-actualite","category-burkina-faso"],"_links":{"self":[{"href":"https:\/\/linitiative.ca\/International\/wp-json\/wp\/v2\/posts\/113733","targetHints":{"allow":["GET"]}}],"collection":[{"href":"https:\/\/linitiative.ca\/International\/wp-json\/wp\/v2\/posts"}],"about":[{"href":"https:\/\/linitiative.ca\/International\/wp-json\/wp\/v2\/types\/post"}],"author":[{"embeddable":true,"href":"https:\/\/linitiative.ca\/International\/wp-json\/wp\/v2\/users\/1813"}],"replies":[{"embeddable":true,"href":"https:\/\/linitiative.ca\/International\/wp-json\/wp\/v2\/comments?post=113733"}],"version-history":[{"count":0,"href":"https:\/\/linitiative.ca\/International\/wp-json\/wp\/v2\/posts\/113733\/revisions"}],"wp:attachment":[{"href":"https:\/\/linitiative.ca\/International\/wp-json\/wp\/v2\/media?parent=113733"}],"wp:term":[{"taxonomy":"category","embeddable":true,"href":"https:\/\/linitiative.ca\/International\/wp-json\/wp\/v2\/categories?post=113733"},{"taxonomy":"post_tag","embeddable":true,"href":"https:\/\/linitiative.ca\/International\/wp-json\/wp\/v2\/tags?post=113733"}],"curies":[{"name":"wp","href":"https:\/\/api.w.org\/{rel}","templated":true}]}}