{"id":113734,"date":"2021-03-25T14:20:14","date_gmt":"2021-03-25T18:20:14","guid":{"rendered":"https:\/\/linitiative.ca\/International\/interconnexion-ferroviaire-burkina-ghana-les-travaux-debuteront-au-1er-trimestre-2022-ministre-vincent-dabilgou\/"},"modified":"2021-03-25T14:20:14","modified_gmt":"2021-03-25T18:20:14","slug":"interconnexion-ferroviaire-burkina-ghana-les-travaux-debuteront-au-1er-trimestre-2022-ministre-vincent-dabilgou","status":"publish","type":"post","link":"https:\/\/linitiative.ca\/International\/interconnexion-ferroviaire-burkina-ghana-les-travaux-debuteront-au-1er-trimestre-2022-ministre-vincent-dabilgou\/","title":{"rendered":"Interconnexion ferroviaire Burkina\/Ghana: Les travaux d\u00e9buteront au 1er trimestre  2022.(ministre Vincent Dabilgou)."},"content":{"rendered":"<div class=\"td-post-content tagdiv-type\" readability=\"46\">\n<div class=\"td-post-featured-image\"><a href=\"https:\/\/www.sidwaya.info\/wp-content\/uploads\/2021\/03\/dabilgoiu.gif\" data-caption=\"\"><img loading=\"lazy\" decoding=\"async\" width=\"696\" height=\"464\" class=\"entry-thumb td-modal-image\" src=\"https:\/\/www.sidwaya.info\/wp-content\/uploads\/2021\/03\/dabilgoiu-696x464.gif\" srcset=\"https:\/\/www.sidwaya.info\/wp-content\/uploads\/2021\/03\/dabilgoiu-696x464.gif 696w, https:\/\/www.sidwaya.info\/wp-content\/uploads\/2021\/03\/dabilgoiu-300x200.gif 300w, https:\/\/www.sidwaya.info\/wp-content\/uploads\/2021\/03\/dabilgoiu-768x512.gif 768w, https:\/\/www.sidwaya.info\/wp-content\/uploads\/2021\/03\/dabilgoiu-150x100.gif 150w, https:\/\/www.sidwaya.info\/wp-content\/uploads\/2021\/03\/dabilgoiu-630x420.gif 630w\" sizes=\"auto, (max-width: 696px) 100vw, 696px\" alt=\"\" title=\"dabilgoiu\"\/><\/a><\/div>\n<p>Le ministre des Transports, de la mobilit\u00e9 urbaine et de la s\u00e9curit\u00e9 routi\u00e8re, Vincent Timbindi DABILGOU a organis\u00e9 une conf\u00e9rence de presse ce jeudi 25 mars 2021. Il s\u2019est agi d\u2019informer sur le projet d\u2019interconnexion ferroviaire Burkina\/Ghana.\u00a0Selon M. Dabilgou, c\u2019est en 2018 que les pr\u00e9sidents Burkinab\u00e8 et ghan\u00e9ens ont d\u00e9cid\u00e9 de la construction d\u2019une nouvelle ligne moderne entre le Port de Tema au Ghana et Ouagadougou au Burkina Faso (pour favoriser le brassage de leurs peuples d\u00e9j\u00e0 unis par des liens multis\u00e9culaires (\u2026). A l\u2019en croire, les projections de la demande de trafic passagers sont estim\u00e9es entre 2 et 3 millions de passagers par an. Quant au fret, les pr\u00e9visions de transport se chiffrent entre 7 et 17 millions de tonnes l\u2019an. \u00a0Pour lui, le projet est \u00e9conomiquement viable avec une grande contribution des \u00e9conomies g\u00e9n\u00e9r\u00e9es a la soci\u00e9t\u00e9 dans son ensemble. (D un co\u00fbt \u00e9value \u00e0 4,7 milliards d\u2019euros, le projet permettra la cr\u00e9ation de plus de 30.000 emplois directs et indirects pendant la phase de construction, l\u2019am\u00e9lioration des conditions \u00e9conomiques des zones travers\u00e9es et la cr\u00e9ation d\u2019activit\u00e9s g\u00e9n\u00e9ratrices de revenus dans les gares et tout le long du chemin de fer\u2026 Le), a ajout\u00e9 M. Dabilgou. Le 30 novembre 2021, les deux parties vont entamer les n\u00e9gociations finales et le d\u00e9marrage des travaux pr\u00e9vu pour le premier trimestre de l\u2019ann\u00e9e 2022.<\/p>\n<p>A.B.<\/p>\n<div class=\"td-a-rec td-a-rec-id-content_bottom tdi_33_990 td_block_template_1\">\n<p><img loading=\"lazy\" decoding=\"async\" class=\"aligncenter size-full wp-image-27454\" src=\"https:\/\/www.sidwaya.info\/wp-content\/uploads\/2020\/10\/PUB-Bandeau-paiement-mobile-siteweb.jpg\" alt=\"\" width=\"728\" height=\"90\"\/><\/div>\n<\/div>\n<footer>\n<div class=\"td-post-sharing-bottom\">\n<p><iframe frameborder=\"0\" src=\"https:\/\/www.facebook.com\/plugins\/like.php?href=https:\/\/www.sidwaya.info\/blog\/2021\/03\/25\/interconnexion-ferroviaire-burkina-ghana-le-cout-du-projet-est-evalue-a-47-milliards-d-euros-ministre-vincent-dabilgou\/&amp;layout=button_count&amp;show_faces=false&amp;width=105&amp;action=like&amp;colorscheme=light&amp;height=21\" class=\"c1\">[embedded content]<\/iframe><\/p>\n<\/div>\n<div class=\"td-block-row td-post-next-prev\">\n<div class=\"td-block-span6 td-post-prev-post td-post-next-prev-content\"><span>Article pr\u00e9c\u00e9dent<\/span><a href=\"https:\/\/www.sidwaya.info\/blog\/2021\/03\/24\/une-du-25-03-2021\/\">Une du 25-03-2021<\/a><\/div>\n<div class=\"td-block-span6 td-post-next-post td-post-next-prev-content\"><span>Article suivant<\/span><a href=\"https:\/\/www.sidwaya.info\/blog\/2021\/03\/25\/pic-energetique-bachir-ismael-injecte-du-tonus-dans-les-centrales\/\">Pic \u00e9nerg\u00e9tique : Bachir Isma\u00ebl \u00ab injecte \u00bb du tonus dans les centrales<\/a><\/div>\n<\/div>\n<p><meta itemprop=\"name\" content=\"BANGRE SIDWAYA\"\/><br \/>\n<meta itemprop=\"datePublished\" content=\"2021-03-25T18:20:14+00:00\"\/><br \/>\n<meta itemprop=\"dateModified\" content=\"2021-03-25T18:33:47+00:00\"\/><br \/>\n<meta itemscope=\"itemscope\" itemprop=\"mainEntityOfPage\" itemtype=\"https:\/\/schema.org\/WebPage\" itemid=\"https:\/\/www.sidwaya.info\/blog\/2021\/03\/25\/interconnexion-ferroviaire-burkina-ghana-le-cout-du-projet-est-evalue-a-47-milliards-d-euros-ministre-vincent-dabilgou\/\"\/><br \/>\n<meta itemprop=\"url\" content=\"https:\/\/www.sidwaya.info\/wp-content\/uploads\/2019\/08\/sidwaya-bon-544-1.jpg\"\/><br \/>\n<meta itemprop=\"name\" content=\"Quotidien Sidwaya\"\/><br \/>\n<meta itemprop=\"headline\" content=\"Interconnexion ferroviaire Burkina\/Ghana: Les travaux d\u00e9buteront au 1er trimestre 2022.(ministre Vincent Dabilgou).\"\/><br \/>\n<meta itemprop=\"url\" content=\"https:\/\/www.sidwaya.info\/wp-content\/uploads\/2021\/03\/dabilgoiu.gif\"\/><br \/>\n<meta itemprop=\"width\" content=\"787\"\/><br \/>\n<meta itemprop=\"height\" content=\"525\"\/><\/footer>\n<p>Auteur: BANGRE SIDWAYA<br \/>\n<a href=\"https:\/\/www.sidwaya.info\/blog\/2021\/03\/25\/interconnexion-ferroviaire-burkina-ghana-le-cout-du-projet-est-evalue-a-47-milliards-d-euros-ministre-vincent-dabilgou\/\">Cliquez ici pour lire l&rsquo;article depuis sa source.<\/a><\/p>\n","protected":false},"excerpt":{"rendered":"<p>Le ministre des Transports, de la mobilit\u00e9 urbaine et de la s\u00e9curit\u00e9 routi\u00e8re, Vincent Timbindi DABILGOU a organis\u00e9 une conf\u00e9rence de presse ce jeudi 25 mars 2021. Il s\u2019est agi d\u2019informer sur le projet d\u2019interconnexion ferroviaire Burkina\/Ghana.\u00a0Selon M. Dabilgou, c\u2019est en 2018 que les pr\u00e9sidents Burkinab\u00e8 et ghan\u00e9ens ont d\u00e9cid\u00e9 de la construction d\u2019une nouvelle [&hellip;]<\/p>\n","protected":false},"author":1816,"featured_media":0,"comment_status":"closed","ping_status":"closed","sticky":false,"template":"","format":"standard","meta":{"fifu_image_url":"https:\/\/www.sidwaya.info\/wp-content\/uploads\/2021\/03\/dabilgoiu-696x464.gif","fifu_image_alt":"Interconnexion ferroviaire Burkina\/Ghana: Les travaux d\u00e9buteront au 1er trimestre  2022.(ministre Vincent Dabilgou).","footnotes":""},"categories":[73,81],"tags":[],"class_list":["post-113734","post","type-post","status-publish","format-standard","hentry","category-actualite","category-burkina-faso"],"_links":{"self":[{"href":"https:\/\/linitiative.ca\/International\/wp-json\/wp\/v2\/posts\/113734","targetHints":{"allow":["GET"]}}],"collection":[{"href":"https:\/\/linitiative.ca\/International\/wp-json\/wp\/v2\/posts"}],"about":[{"href":"https:\/\/linitiative.ca\/International\/wp-json\/wp\/v2\/types\/post"}],"author":[{"embeddable":true,"href":"https:\/\/linitiative.ca\/International\/wp-json\/wp\/v2\/users\/1816"}],"replies":[{"embeddable":true,"href":"https:\/\/linitiative.ca\/International\/wp-json\/wp\/v2\/comments?post=113734"}],"version-history":[{"count":0,"href":"https:\/\/linitiative.ca\/International\/wp-json\/wp\/v2\/posts\/113734\/revisions"}],"wp:attachment":[{"href":"https:\/\/linitiative.ca\/International\/wp-json\/wp\/v2\/media?parent=113734"}],"wp:term":[{"taxonomy":"category","embeddable":true,"href":"https:\/\/linitiative.ca\/International\/wp-json\/wp\/v2\/categories?post=113734"},{"taxonomy":"post_tag","embeddable":true,"href":"https:\/\/linitiative.ca\/International\/wp-json\/wp\/v2\/tags?post=113734"}],"curies":[{"name":"wp","href":"https:\/\/api.w.org\/{rel}","templated":true}]}}