{"id":113735,"date":"2021-03-25T10:40:01","date_gmt":"2021-03-25T14:40:01","guid":{"rendered":"https:\/\/linitiative.ca\/International\/le-parlement-examine-deux-projets-de-loi-relatifs-a-la-cooperation-militaire-entre-le-cameroun-et-la-turquie\/"},"modified":"2021-03-25T10:40:01","modified_gmt":"2021-03-25T14:40:01","slug":"le-parlement-examine-deux-projets-de-loi-relatifs-a-la-cooperation-militaire-entre-le-cameroun-et-la-turquie","status":"publish","type":"post","link":"https:\/\/linitiative.ca\/International\/le-parlement-examine-deux-projets-de-loi-relatifs-a-la-cooperation-militaire-entre-le-cameroun-et-la-turquie\/","title":{"rendered":"Le parlement examine deux projets de loi relatifs \u00e0 la coop\u00e9ration militaire entre le Cameroun et la Turquie"},"content":{"rendered":"<p>Sign\u00e9 le 30 janvier 2018 \u00e0 Ankara par le ministre d\u00e9l\u00e9gu\u00e9 \u00e0 la pr\u00e9sidence de la R\u00e9publique charg\u00e9 de la D\u00e9fense, Joseph Beti Assomo et le G\u00e9n\u00e9ral d\u2019Arm\u00e9e \u00dcmit D\u00fcndar, chef adjoint de l\u2019\u00c9tat-major Turc, l\u2019Accord de coop\u00e9ration militaire d\u00e9finit notamment les domaines d\u2019intervention. 25 au total. Parmi ceux-ci, l\u2019on compte les op\u00e9rations militaires. Si la guerre n\u2019est pas prise en compte, l\u2019Accord pr\u00e9voit tout de m\u00eame des interventions arm\u00e9es sur le territoire de l\u2019une ou de l\u2019autre partie en cas de probl\u00e8me. Il s\u2019agit pr\u00e9cis\u00e9ment des : \u00ab\u00a0op\u00e9rations de maintien de la paix, l\u2019aide humanitaire, la lutte contre le terrorisme et la lutte contre le piratage\u00a0\u00bb.<\/p>\n<p>Au-del\u00e0 de la possibilit\u00e9 de se d\u00e9ployer sur le terrain, Yaound\u00e9 et Ankara articulent leur coop\u00e9ration militaire autour du volet formation. Cette derni\u00e8re va de la communication aux exercices en passant par le transfert de technologies\u00a0: \u00ab\u00a0La coop\u00e9ration dans le domaine de la formation en mati\u00e8re de renseignement militaire\u00a0; la coop\u00e9ration dans le cadre de la formation en communication, \u00e9lectronique, syst\u00e8mes d\u2019information, guerre \u00e9lectronique et cyberd\u00e9fense\u00a0; la coop\u00e9ration entre les commandements des forces sp\u00e9ciales dans le domaine de la formation\u00a0; l\u2019\u00e9change d\u2019informations et d\u2019exp\u00e9riences en mati\u00e8re de recherche militaire, scientifique et technologique\u00a0; la participation \u00e0 des exercices ou des formations\u00a0\u00a0et des exercices conjoints\u00a0\u00a0en tant que participant ou observateur\u2026\u00a0\u00bb<\/p>\n<p>En outre, le Cameroun qui fait face aux engins explosifs improvis\u00e9s\u00a0\u00a0de Boko Haram dans la r\u00e9gion de l\u2019Extr\u00eame-Nord b\u00e9n\u00e9ficiera de formations dans ce domaine. Il est en effet pr\u00e9vu une \u00ab\u00a0formation et des \u00e9changes d\u2019informations et d\u2019exp\u00e9riences sur la protection contre les mines et les engins explosifs\u00a0\u00bb<em>.<\/em><\/p>\n<p><strong>Finances<\/strong><\/p>\n<p>L\u2019Accord de coop\u00e9ration militaire sign\u00e9 par le Cameroun et la Turquie poss\u00e8de \u00e9videmment un volet financier. Ce dernier repose sur la prise en charge des personnels participant \u00e0 un \u00e9change militaire, des \u00e9tudiants notamment. Dans le cadre de la formation et de l\u2019instruction, le pays d\u2019origine est charg\u00e9 de \u00ab\u00a0prendre en charge les salaires et\/ou les allocations, l\u2019h\u00e9bergement, la restauration, le transport et les autres droits financiers dus au personnel invit\u00e9 ou \u00e0 l\u2019Etudiant invit\u00e9 d\u00e9sign\u00e9 pour exercer les activit\u00e9s de coop\u00e9ration pr\u00e9vues\u2026\u00a0\u00bb.<\/p>\n<p>Toutefois, la partie qui re\u00e7oit peut, si celle d\u2019origine en a fait la demande, se charger de certaines d\u00e9penses sous certaines conditions. Notamment la dette. Il s\u2019agit pour le \u00ab\u00a0personnel invit\u00e9\u00a0\u00bb du\u00a0: salaire mensuel, des frais de formation et d\u2019instruction, de la tenue. Dans le cas des \u00ab\u00a0\u00e9tudiants invit\u00e9s\u00a0\u00bb, le pays d\u2019accueil peut couvrir\u00a0: la restauration, l\u2019h\u00e9bergement, l\u2019allocation journali\u00e8re, les frais de formation et d\u2019instruction, la tenue et les autres r\u00e9mun\u00e9rations vers\u00e9es au \u00e9l\u00e8ves de 6<sup>\u00e8me<\/sup>\u00a0ann\u00e9e m\u00e9decine (durant leur stage).<\/p>\n<p>Auteur: EcoMatin<br \/>\n<a href=\"https:\/\/ecomatin.net\/le-parlement-examine-deux-projetss-de-loi-relatifs-a-la-cooperation-militaire-entre-le-cameroun-et-la-turquie\/\">Cliquez ici pour lire l&rsquo;article depuis sa source.<\/a><\/p>\n","protected":false},"excerpt":{"rendered":"<p>Sign\u00e9 le 30 janvier 2018 \u00e0 Ankara par le ministre d\u00e9l\u00e9gu\u00e9 \u00e0 la pr\u00e9sidence de la R\u00e9publique charg\u00e9 de la D\u00e9fense, Joseph Beti Assomo et le G\u00e9n\u00e9ral d\u2019Arm\u00e9e \u00dcmit D\u00fcndar, chef adjoint de l\u2019\u00c9tat-major Turc, l\u2019Accord de coop\u00e9ration militaire d\u00e9finit notamment les domaines d\u2019intervention. 25 au total. Parmi ceux-ci, l\u2019on compte les op\u00e9rations militaires. Si [&hellip;]<\/p>\n","protected":false},"author":1969,"featured_media":0,"comment_status":"closed","ping_status":"closed","sticky":false,"template":"","format":"standard","meta":{"fifu_image_url":"","fifu_image_alt":"","footnotes":""},"categories":[82,78],"tags":[],"class_list":["post-113735","post","type-post","status-publish","format-standard","hentry","category-cameroun","category-economie"],"_links":{"self":[{"href":"https:\/\/linitiative.ca\/International\/wp-json\/wp\/v2\/posts\/113735","targetHints":{"allow":["GET"]}}],"collection":[{"href":"https:\/\/linitiative.ca\/International\/wp-json\/wp\/v2\/posts"}],"about":[{"href":"https:\/\/linitiative.ca\/International\/wp-json\/wp\/v2\/types\/post"}],"author":[{"embeddable":true,"href":"https:\/\/linitiative.ca\/International\/wp-json\/wp\/v2\/users\/1969"}],"replies":[{"embeddable":true,"href":"https:\/\/linitiative.ca\/International\/wp-json\/wp\/v2\/comments?post=113735"}],"version-history":[{"count":0,"href":"https:\/\/linitiative.ca\/International\/wp-json\/wp\/v2\/posts\/113735\/revisions"}],"wp:attachment":[{"href":"https:\/\/linitiative.ca\/International\/wp-json\/wp\/v2\/media?parent=113735"}],"wp:term":[{"taxonomy":"category","embeddable":true,"href":"https:\/\/linitiative.ca\/International\/wp-json\/wp\/v2\/categories?post=113735"},{"taxonomy":"post_tag","embeddable":true,"href":"https:\/\/linitiative.ca\/International\/wp-json\/wp\/v2\/tags?post=113735"}],"curies":[{"name":"wp","href":"https:\/\/api.w.org\/{rel}","templated":true}]}}