{"id":113736,"date":"2021-03-25T10:59:50","date_gmt":"2021-03-25T14:59:50","guid":{"rendered":"https:\/\/linitiative.ca\/International\/maiscam-enregistre-un-deficit-de-production-de-715-sur-la-production-du-gritz-de-mais-en-2020\/"},"modified":"2021-03-25T10:59:50","modified_gmt":"2021-03-25T14:59:50","slug":"maiscam-enregistre-un-deficit-de-production-de-715-sur-la-production-du-gritz-de-mais-en-2020","status":"publish","type":"post","link":"https:\/\/linitiative.ca\/International\/maiscam-enregistre-un-deficit-de-production-de-715-sur-la-production-du-gritz-de-mais-en-2020\/","title":{"rendered":"Ma\u00efscam enregistre un d\u00e9ficit de production de 71,5 % sur la production du gritz de ma\u00efs en 2020"},"content":{"rendered":"<p>Dans un communiqu\u00e9 publi\u00e9 le 17 mars dernier dans l\u2019hebdomadaire, la Soci\u00e9t\u00e9 anonyme des Brasseries du Cameroun (Sabc), principal client de la Ma\u00efserie du Cameroun (Ma\u00efscam), r\u00e9v\u00e8le qu\u2019\u00a0\u00ab\u00a0en 2020 [elle] a achet\u00e9 100% de la production de gritz de ma\u00efs de Ma\u00efscam, soit 2850 tonnes\u00a0\u00bb, alors qu\u2019en 2019, ladite production que l\u2019industrie brassicole avait \u00e9galement achet\u00e9 en totalit\u00e9 se chiffrait \u00e0 10\u00a0000 tonnes. Il va sans dire que la production de gritz de ma\u00efs de Ma\u00efscam a consid\u00e9rablement baiss\u00e9 au cours de l\u2019ann\u00e9e, de l\u2019ordre de 71,5% si l\u2019on s\u2019en tient aux donn\u00e9es \u00e9nonc\u00e9es par la Sabc. Et cet \u00e9cart est d\u00fb \u00e0 plusieurs facteurs exog\u00e8nes dont l\u2019implacable pand\u00e9mie de Coronavirus.<\/p>\n<p><strong>Lire aussi<\/strong> : <strong><a href=\"https:\/\/ecomatin.net\/le-projet-agropole-de-bankim-envisage-une-production-annuelle-de-3500-tonnes-de-mais\/\">Le Projet Agropole de Bankim envisage une production annuelle de 3500 tonnes de ma\u00efs<\/a><\/strong><\/p>\n<p>Une source interne \u00e0 la principale industrie productrice de ma\u00efs implant\u00e9e \u00e0 Ngaound\u00e9r\u00e9 dans la r\u00e9gion de l\u2019Adamoua, croit savoir que cette baisse de la production r\u00e9sulte de la livraison tardive des intrants \u00e0 Ma\u00efscam par son fournisseur fran\u00e7ais, du fait de la fermeture des fronti\u00e8res. \u00ab\u00a0Les intrants sont arriv\u00e9s en retard \u00e0 cause de la fermeture des fronti\u00e8res due au Coronavirus. C\u2019est finalement au mois de mai 2020 que notre fournisseur fran\u00e7ais nous a livr\u00e9 les intrants alors qu\u2019ils \u00e9taient attendus en avril 2020. Nous avons d\u00fb saisir le ministre de l\u2019agriculture, et \u00e0 son tour il a saisi les producteurs pour leur demander de venir en aide \u00e0 Ma\u00efscam \u00bb, susurre notre informateur.<\/p>\n<p>Cette situation de crise sanitaire mondiale, conjugu\u00e9e aux contingences climatiques caract\u00e9ris\u00e9es par le retard des pluies, mais aussi aux tensions de tr\u00e9sorerie, avaient v\u00e9ritablement impact\u00e9 sur le lancement de la campagne agricole en 2020. Plongeant la plupart des producteurs dans une anxi\u00e9t\u00e9 permanente. Le gouvernement s\u2019\u00e9tait alors mis dans son r\u00f4le d\u2019accompagnateur, en proc\u00e9dant \u00e0 la distribution des intrants aux producteurs,\u00a0dont des milliers de semis. C\u2019est ainsi que 1\u00a0649 tonnes de semences certifi\u00e9es de ma\u00efs avaient \u00e9t\u00e9 distribu\u00e9es aux producteurs, et Ma\u00efscam en a b\u00e9n\u00e9fici\u00e9 \u00e9galement.<\/p>\n<p><strong>Lire aussi<\/strong> : <strong><a href=\"https:\/\/ecomatin.net\/letat-cede-5-000-ha-aux-turcs-dans-ladamaoua-pour-booster-la-production-de-mais\/\">L\u2019Etat c\u00e8de 5 000 ha aux Turcs dans l\u2019Adamaoua pour booster la production de ma\u00efs<\/a><\/strong><\/p>\n<p>Pour le compte de l\u2019ann\u00e9e 2021 en cours, l\u2019entreprise devrait pouvoir relever cette performance baissi\u00e8re, m\u00eame si la pand\u00e9mie continue de s\u00e9vir. Les fronti\u00e8res sont d\u00e9sormais ouvertes et favorables aux \u00e9changes commerciaux entre l\u2019entreprise et son fournisseur fran\u00e7ais pour la fourniture des intrants (engrais, pesticides, semences\u2026). Il importe de pr\u00e9ciser que parmi ses pr\u00e9rogatives, Ma\u00efscam est tenu d\u2019offrir des d\u00e9bouch\u00e9es aux producteurs pour am\u00e9liorer leurs revenus, de contribuer \u00e0 la valorisation des ressources locales du Cameroun et \u00e0 la limitation des importations de produits agricoles, et d\u2019offrir \u00e0 la client\u00e8le des produits locaux de bonne qualit\u00e9 et comp\u00e9titifs. La soci\u00e9t\u00e9 dispose d\u2019une surface culturale de 2000 hectares, pour une production relative de 6000 tonnes de gritz de ma\u00efs par hectare.<\/p>\n<p><strong>Lire aussi<\/strong> : <strong><a href=\"https:\/\/ecomatin.net\/production-de-mais-le-cameroun-deficitaire-de-06-millions-de-tonnes\/\">Production de ma\u00efs: le Cameroun d\u00e9ficitaire de 0,6 millions de tonnes<\/a><\/strong><\/p>\n<p>Auteur: Yannick KENNE<br \/>\n<a href=\"https:\/\/ecomatin.net\/maiscam-enregistre-un-deficit-de-production-de-715-sur-la-production-du-gritz-de-mais-en-2020\/\">Cliquez ici pour lire l&rsquo;article depuis sa source.<\/a><\/p>\n","protected":false},"excerpt":{"rendered":"<p>Dans un communiqu\u00e9 publi\u00e9 le 17 mars dernier dans l\u2019hebdomadaire, la Soci\u00e9t\u00e9 anonyme des Brasseries du Cameroun (Sabc), principal client de la Ma\u00efserie du Cameroun (Ma\u00efscam), r\u00e9v\u00e8le qu\u2019\u00a0\u00ab\u00a0en 2020 [elle] a achet\u00e9 100% de la production de gritz de ma\u00efs de Ma\u00efscam, soit 2850 tonnes\u00a0\u00bb, alors qu\u2019en 2019, ladite production que l\u2019industrie brassicole avait \u00e9galement [&hellip;]<\/p>\n","protected":false},"author":1969,"featured_media":0,"comment_status":"closed","ping_status":"closed","sticky":false,"template":"","format":"standard","meta":{"fifu_image_url":"","fifu_image_alt":"","footnotes":""},"categories":[82,78],"tags":[],"class_list":["post-113736","post","type-post","status-publish","format-standard","hentry","category-cameroun","category-economie"],"_links":{"self":[{"href":"https:\/\/linitiative.ca\/International\/wp-json\/wp\/v2\/posts\/113736","targetHints":{"allow":["GET"]}}],"collection":[{"href":"https:\/\/linitiative.ca\/International\/wp-json\/wp\/v2\/posts"}],"about":[{"href":"https:\/\/linitiative.ca\/International\/wp-json\/wp\/v2\/types\/post"}],"author":[{"embeddable":true,"href":"https:\/\/linitiative.ca\/International\/wp-json\/wp\/v2\/users\/1969"}],"replies":[{"embeddable":true,"href":"https:\/\/linitiative.ca\/International\/wp-json\/wp\/v2\/comments?post=113736"}],"version-history":[{"count":0,"href":"https:\/\/linitiative.ca\/International\/wp-json\/wp\/v2\/posts\/113736\/revisions"}],"wp:attachment":[{"href":"https:\/\/linitiative.ca\/International\/wp-json\/wp\/v2\/media?parent=113736"}],"wp:term":[{"taxonomy":"category","embeddable":true,"href":"https:\/\/linitiative.ca\/International\/wp-json\/wp\/v2\/categories?post=113736"},{"taxonomy":"post_tag","embeddable":true,"href":"https:\/\/linitiative.ca\/International\/wp-json\/wp\/v2\/tags?post=113736"}],"curies":[{"name":"wp","href":"https:\/\/api.w.org\/{rel}","templated":true}]}}