{"id":113738,"date":"2021-03-25T11:23:52","date_gmt":"2021-03-25T15:23:52","guid":{"rendered":"https:\/\/linitiative.ca\/International\/activa-assurances-met-sur-le-marche-deux-solutions-dassurances-dediees-aux-femmes\/"},"modified":"2021-03-25T11:23:52","modified_gmt":"2021-03-25T15:23:52","slug":"activa-assurances-met-sur-le-marche-deux-solutions-dassurances-dediees-aux-femmes","status":"publish","type":"post","link":"https:\/\/linitiative.ca\/International\/activa-assurances-met-sur-le-marche-deux-solutions-dassurances-dediees-aux-femmes\/","title":{"rendered":"Activa Assurances met sur le march\u00e9 deux solutions d\u2019assurances d\u00e9di\u00e9es aux femmes"},"content":{"rendered":"<p>Parvenir \u00e0 toucher jusqu\u2019\u00e0 1 million de femmes \u00e0 l\u2019horizon 2022, tel est l\u2019objectif de la compagnie Activa Assurances. En partenariat avec la soci\u00e9t\u00e9 financi\u00e8re d\u2019investissement(IFC), la compagnie d\u2019assurance camerounaise a proc\u00e9d\u00e9 le 17 mars dernier au lancement deux nouvelles solutions d\u2019assurance au Cameroun. Elles s\u2019inscrivent dans le cadre du programme \u00ab Activ\u2019Lady \u00bb lanc\u00e9, en 2019, par l\u2019assureur camerounais et l\u2019IFC, pour d\u00e9velopper un mod\u00e8le d\u2019assurance pour les femmes, et les femmes d\u2019affaires du Cameroun. Depuis le lancement de ce programme, Activa prot\u00e8ge les marchandises appartenant aux femmes contre les intemp\u00e9ries et le vol, et leur donne acc\u00e8s \u00e0 des formations et \u00e0 des bo\u00eetes \u00e0 outils en ligne pour les aider \u00e0 d\u00e9velopper leurs activit\u00e9s.\u00ab IFC soutient l\u2019engagement d\u2019Activa Cameroun \u00e0 renforcer l\u2019autonomie des femmes camerounaises en les aidant \u00e0 construire leur \u00e9pargne, \u00e0 d\u00e9velopper leurs entreprises, et \u00e0 prot\u00e9ger leurs familles.\u00a0Les femmes repr\u00e9sentent un march\u00e9 en pleine expansion au Cameroun. Renforcer leur participation \u00e0 l\u2019\u00e9conomie stimulera la croissance et contribuera \u00e0 la relance \u00e9conomique\u00bb, a d\u00e9clar\u00e9 Sylvain Kakou, Responsable Pays d\u2019IFC pour l\u2019Afrique centrale.<\/p>\n<p>Les deux solutions nouvellement lanc\u00e9es comprennent une solution permettant aux femmes entrepreneures d\u2019\u00e9pargner et de r\u00e9aliser leurs projets de cr\u00e9ation d\u2019entreprise, a indiqu\u00e9 l\u2019IFC. Dans ce cadre, Activa les accompagnera \u00e0 travers des formations, via des incubateurs, pour les aider \u00e0 structurer leurs projets, et s\u2019engage \u00e0 les soutenir dans la phase de financement aupr\u00e8s de ses partenaires de la bancassurance.<\/p>\n<p>Il s\u2019agit \u00e9galement d\u2019une couverture sant\u00e9 destin\u00e9e aux femmes \u00e0 faibles revenus, notamment celles regroup\u00e9es en coop\u00e9ratives et les commer\u00e7antes commun\u00e9ment appel\u00e9es \u00ab Buyam-Sellams \u00bb. Du fait de leurs faibles revenus, ces femmes sont en g\u00e9n\u00e9ral exclues du syst\u00e8me de couverture classique. Cette couverture sant\u00e9 leur permettra de faire face aux al\u00e9as li\u00e9s \u00e0 leur activit\u00e9, en particulier en ces temps de pand\u00e9mie de Covid-19. \u00ab\u00a0L\u2019assurance favorise l\u2019\u00e9pargne en r\u00e9duisant les d\u00e9penses \u00e0 long terme, permet une gestion efficace des risques et constitue un excellent canal d\u2019investissement. Sans acc\u00e8s \u00e0 l\u2019assurance, les femmes ont souvent recours \u00e0 des pr\u00eats informels pour couvrir les frais de sant\u00e9 ou d\u2019autres d\u00e9penses, ce qui nuit \u00e0 leur capacit\u00e9 de se relever apr\u00e8s des difficult\u00e9s. Le d\u00e9veloppement d\u2019une assurance inclusive au Cameroun est une urgence absolue\u00bb a relev\u00e9 \u00a0Richard Lowe, pr\u00e9sident ex\u00e9cutif du groupe Activa.<\/p>\n<p>Rappelons que le travail d\u2019IFC et Activa Assurance au Cameroun est soutenu par l\u2019Initiative de financement en faveur des femmes entrepreneures (We-Fi) qui investit dans des programmes et des projets visant \u00e0 am\u00e9liorer l\u2019acc\u00e8s aux financements pour les femmes entrepreneures.<br \/>Depuis 2016, IFC collabore avec des assureurs op\u00e9rant dans les march\u00e9s \u00e9mergents pour d\u00e9velopper des approches sp\u00e9cifiques visant \u00e0 r\u00e9pondre aux besoins des femmes dans les diff\u00e9rentes \u00e9tapes de leur vie, tout en cr\u00e9ant des opportunit\u00e9s g\u00e9n\u00e9ratrices de revenus pour celles travaillant dans le secteur des assurances.<br \/>Le programme Activ\u2019Lady au Cameroun s\u2019inscrit dans le prolongement de partenariats similaires avec des assureurs au Nig\u00e9ria, aux Philippines et au Ghana.<\/p>\n<p>Auteur: Cedrick JIONGO<br \/>\n<a href=\"https:\/\/ecomatin.net\/activa-assurances-met-sur-le-marche-deux-solutions-dassurances-dediees-aux-femmes\/\">Cliquez ici pour lire l&rsquo;article depuis sa source.<\/a><\/p>\n","protected":false},"excerpt":{"rendered":"<p>Parvenir \u00e0 toucher jusqu\u2019\u00e0 1 million de femmes \u00e0 l\u2019horizon 2022, tel est l\u2019objectif de la compagnie Activa Assurances. En partenariat avec la soci\u00e9t\u00e9 financi\u00e8re d\u2019investissement(IFC), la compagnie d\u2019assurance camerounaise a proc\u00e9d\u00e9 le 17 mars dernier au lancement deux nouvelles solutions d\u2019assurance au Cameroun. Elles s\u2019inscrivent dans le cadre du programme \u00ab Activ\u2019Lady \u00bb lanc\u00e9, [&hellip;]<\/p>\n","protected":false},"author":1969,"featured_media":0,"comment_status":"closed","ping_status":"closed","sticky":false,"template":"","format":"standard","meta":{"fifu_image_url":"","fifu_image_alt":"","footnotes":""},"categories":[82,78],"tags":[],"class_list":["post-113738","post","type-post","status-publish","format-standard","hentry","category-cameroun","category-economie"],"_links":{"self":[{"href":"https:\/\/linitiative.ca\/International\/wp-json\/wp\/v2\/posts\/113738","targetHints":{"allow":["GET"]}}],"collection":[{"href":"https:\/\/linitiative.ca\/International\/wp-json\/wp\/v2\/posts"}],"about":[{"href":"https:\/\/linitiative.ca\/International\/wp-json\/wp\/v2\/types\/post"}],"author":[{"embeddable":true,"href":"https:\/\/linitiative.ca\/International\/wp-json\/wp\/v2\/users\/1969"}],"replies":[{"embeddable":true,"href":"https:\/\/linitiative.ca\/International\/wp-json\/wp\/v2\/comments?post=113738"}],"version-history":[{"count":0,"href":"https:\/\/linitiative.ca\/International\/wp-json\/wp\/v2\/posts\/113738\/revisions"}],"wp:attachment":[{"href":"https:\/\/linitiative.ca\/International\/wp-json\/wp\/v2\/media?parent=113738"}],"wp:term":[{"taxonomy":"category","embeddable":true,"href":"https:\/\/linitiative.ca\/International\/wp-json\/wp\/v2\/categories?post=113738"},{"taxonomy":"post_tag","embeddable":true,"href":"https:\/\/linitiative.ca\/International\/wp-json\/wp\/v2\/tags?post=113738"}],"curies":[{"name":"wp","href":"https:\/\/api.w.org\/{rel}","templated":true}]}}