{"id":113740,"date":"2021-03-26T09:40:56","date_gmt":"2021-03-26T13:40:56","guid":{"rendered":"https:\/\/linitiative.ca\/International\/operationnelle-depuis-pres-dun-demi-siecle-la-decharge-sauvage-de-tanger-fermee\/"},"modified":"2021-03-26T09:40:56","modified_gmt":"2021-03-26T13:40:56","slug":"operationnelle-depuis-pres-dun-demi-siecle-la-decharge-sauvage-de-tanger-fermee","status":"publish","type":"post","link":"https:\/\/linitiative.ca\/International\/operationnelle-depuis-pres-dun-demi-siecle-la-decharge-sauvage-de-tanger-fermee\/","title":{"rendered":"Op\u00e9rationnelle depuis pr\u00e8s d\u2019un demi-si\u00e8cle : La d\u00e9charge sauvage de Tanger ferm\u00e9e"},"content":{"rendered":"<figure class=\"post-thumbnail\" itemprop=\"associatedMedia\" itemscope=\"itemscope\" itemtype=\"http:\/\/schema.org\/ImageObject\"><img decoding=\"async\" class=\"post_layout_5_img\" src=\"http:\/\/aujourdhui.ma\/wp-content\/uploads\/2016\/04\/Decharge-mediounna-dechets-Casablanca.jpg\" alt=\"Op\u00e9rationnelle depuis pr\u00e8s d\u2019un demi-si\u00e8cle : La d\u00e9charge sauvage de Tanger ferm\u00e9e\"\/><\/figure>\n<p><span class=\"c5\"><strong>Apr\u00e8s plusieurs ann\u00e9es d\u2019attente, la mairie de Tanger a d\u00e9cid\u00e9 de fermer, mercredi 24 mars, l\u2019ancien d\u00e9potoir sauvage dans la zone Mghogha.<\/strong><\/span><span id=\"more-372151\"\/><\/p>\n<p>Cette d\u00e9cision intervient suite \u00e0 l\u2019entr\u00e9e du nouveau Centre d\u2019enfouissement et de valorisation des d\u00e9chets m\u00e9nag\u00e9s et assimil\u00e9s, situ\u00e9 \u00e0 douar Skedla dans la commune rurale d\u2019Al Menzla et celui de reconversion des d\u00e9chets \u00e0 Hrarech, Route de T\u00e9touan. Elle permet ainsi de mettre un terme au grand danger que repr\u00e9sente l\u2019ancienne d\u00e9charge sauvage de Tanger pour l\u2019environnement et la sant\u00e9 des habitants des zones avoisinantes. Cr\u00e9\u00e9e il y a pr\u00e8s d\u2019un demi-si\u00e8cle, cette d\u00e9charge- qui est l\u2019une des plus anciennes au Maroc- a b\u00e9n\u00e9fici\u00e9 d\u2019un projet de r\u00e9habilitation dont les travaux avancent bien et seront bient\u00f4t achev\u00e9s.<\/p>\n<p>Elle vient de r\u00e9pondre aux attentes et \u00e0 la mobilisation des repr\u00e9sentants de la soci\u00e9t\u00e9 civile locale et les militants \u00e9cologistes et conform\u00e9ment aux dispositions de la convention sign\u00e9e entre le conseil communal de Tanger et le groupement des communes Al Boughaz charg\u00e9 du nouveau Centre d\u2019enfouissement et de valorisation des d\u00e9chets. Notons que la mairie n\u2019a pas encore tranch\u00e9 du mode de gestion ou de transformation de cette d\u00e9charge une fois compl\u00e8tement r\u00e9habilit\u00e9e.<\/p>\n<p>Par ailleurs et en plus de la fermeture et la r\u00e9habilitation de ce site, les conseillers communaux viennent d\u2019adopter, lors de la derni\u00e8re session extraordinaire du conseil communal (tenue mardi 23 mars), \u00e0 l\u2019unanimit\u00e9 deux nouveaux contrats de gestion d\u00e9l\u00e9gu\u00e9e des d\u00e9chets au profit de la population des quatre arrondissements que compte Tanger. Selon ces nouveaux contrats, ce service public sera assur\u00e9 pour une dur\u00e9e de sept ans par deux d\u00e9l\u00e9gataires sp\u00e9cialis\u00e9s sur l\u2019ensemble du territoire urbain, et ce conform\u00e9ment aux mod\u00e8les des grandes villes. D\u00e9j\u00e0 op\u00e9rationnelle dans le m\u00eame secteur d\u2019assainissement solide, notamment dans d\u2019autres communes voisines de T\u00e9touan, Martil, M\u2019diq et Fnideq la premi\u00e8re soci\u00e9t\u00e9 gestionnaire d\u00e9l\u00e9gu\u00e9e Mecomar a pour mission de desservir la zone-Ouest de Tanger, \u00e0 savoir les deux arrondissements de Tanger-M\u00e9dina et Souani.<\/p>\n<p>Alors qu\u2019en tant nouveau gestionnaire d\u00e9l\u00e9gu\u00e9 de l\u2019autre zone- Est de la ville du d\u00e9troit, Arma Holding, qui est pr\u00e9sente d\u00e9j\u00e0 dans les autres grandes villes, comme Marrakech et Casablanca, est charg\u00e9e d\u2019assurer aussi la collecte et des d\u00e9chets m\u00e9nagers et assimil\u00e9s au niveau des deux arrondissements de Moghogha et de B\u00e9ni Makada. Selon les cahiers des charges li\u00e9s \u00e0 ce dossier, l\u2019entr\u00e9e en vigueur de ces deux contrats liant les deux soci\u00e9t\u00e9s d\u00e9l\u00e9gataires \u00e0 la commune de Tanger est pr\u00e9vue d\u2019ici deux mois.<\/p>\n<p>Auteur: Najat Fa\u00efssal<br \/>\n<a href=\"https:\/\/aujourdhui.ma\/societe\/operationnelle-depuis-pres-dun-demi-siecle-la-decharge-sauvage-de-tanger-fermee\">Cliquez ici pour lire l&rsquo;article depuis sa source.<\/a><\/p>\n","protected":false},"excerpt":{"rendered":"<p>Apr\u00e8s plusieurs ann\u00e9es d\u2019attente, la mairie de Tanger a d\u00e9cid\u00e9 de fermer, mercredi 24 mars, l\u2019ancien d\u00e9potoir sauvage dans la zone Mghogha. Cette d\u00e9cision intervient suite \u00e0 l\u2019entr\u00e9e du nouveau Centre d\u2019enfouissement et de valorisation des d\u00e9chets m\u00e9nag\u00e9s et assimil\u00e9s, situ\u00e9 \u00e0 douar Skedla dans la commune rurale d\u2019Al Menzla et celui de reconversion des [&hellip;]<\/p>\n","protected":false},"author":1759,"featured_media":0,"comment_status":"closed","ping_status":"closed","sticky":false,"template":"","format":"standard","meta":{"fifu_image_url":"http:\/\/aujourdhui.ma\/wp-content\/uploads\/2016\/04\/Decharge-mediounna-dechets-Casablanca.jpg","fifu_image_alt":"Op\u00e9rationnelle depuis pr\u00e8s d\u2019un demi-si\u00e8cle : La d\u00e9charge sauvage de Tanger ferm\u00e9e","footnotes":""},"categories":[73,54],"tags":[],"class_list":["post-113740","post","type-post","status-publish","format-standard","hentry","category-actualite","category-maroc"],"_links":{"self":[{"href":"https:\/\/linitiative.ca\/International\/wp-json\/wp\/v2\/posts\/113740","targetHints":{"allow":["GET"]}}],"collection":[{"href":"https:\/\/linitiative.ca\/International\/wp-json\/wp\/v2\/posts"}],"about":[{"href":"https:\/\/linitiative.ca\/International\/wp-json\/wp\/v2\/types\/post"}],"author":[{"embeddable":true,"href":"https:\/\/linitiative.ca\/International\/wp-json\/wp\/v2\/users\/1759"}],"replies":[{"embeddable":true,"href":"https:\/\/linitiative.ca\/International\/wp-json\/wp\/v2\/comments?post=113740"}],"version-history":[{"count":0,"href":"https:\/\/linitiative.ca\/International\/wp-json\/wp\/v2\/posts\/113740\/revisions"}],"wp:attachment":[{"href":"https:\/\/linitiative.ca\/International\/wp-json\/wp\/v2\/media?parent=113740"}],"wp:term":[{"taxonomy":"category","embeddable":true,"href":"https:\/\/linitiative.ca\/International\/wp-json\/wp\/v2\/categories?post=113740"},{"taxonomy":"post_tag","embeddable":true,"href":"https:\/\/linitiative.ca\/International\/wp-json\/wp\/v2\/tags?post=113740"}],"curies":[{"name":"wp","href":"https:\/\/api.w.org\/{rel}","templated":true}]}}