{"id":113745,"date":"2021-03-25T14:00:51","date_gmt":"2021-03-25T18:00:51","guid":{"rendered":"https:\/\/linitiative.ca\/International\/%ef%bb%bflacademie-du-royaume-rend-hommage-a-mohammed-bennis\/"},"modified":"2021-03-25T14:00:51","modified_gmt":"2021-03-25T18:00:51","slug":"%ef%bb%bflacademie-du-royaume-rend-hommage-a-mohammed-bennis","status":"publish","type":"post","link":"https:\/\/linitiative.ca\/International\/%ef%bb%bflacademie-du-royaume-rend-hommage-a-mohammed-bennis\/","title":{"rendered":"\ufeffL\u2019Acad\u00e9mie du Royaume rend hommage \u00e0 Mohammed Bennis"},"content":{"rendered":"<p class=\"has-text-color has-vivid-cyan-blue-color c1\"><strong>Journ\u00e9e mondiale de la po\u00e9sie<\/strong><\/p>\n<p class=\"c2\"><strong>Mohamed Nait Youssef<\/strong><\/p>\n<p><strong>Mohammed Bennis est l\u2019une des figures de proue de la sc\u00e8ne po\u00e9tique et culturelle nationale et arabe. Inutile de le pr\u00e9senter en deux mots, le po\u00e8te a apport\u00e9 sa pierre \u00e0\u00a0 l\u2019\u00e9difice culturel avec des recueils de po\u00e8mes, des critiques, des \u00e9tudes, des articles\u2026<\/strong><\/p>\n<p>\u00c0 cette occasion un vibrant hommage lui a \u00e9t\u00e9 rendu, mardi 24 mars, par l\u2019Acad\u00e9mie du Royaume du Maroc, \u00e0 l\u2019occasion de la Journ\u00e9e mondiale de la po\u00e9sie. Tout le monde y \u00e9tait. Ses amis po\u00e8tes, artistes, \u00e9crivains et journalistes sont venus partager ce moment assez important. C\u2019est plus qu\u2019un \u00e9v\u00e9nement-hommage. Il s\u2019agit d\u2019une reconnaissance \u00e0\u00a0 son apport, \u00e0 son\u00a0 \u0153uvre po\u00e9tique, \u00e0 lui, le po\u00e8te. Un demi si\u00e8cle de cr\u00e9ation et de pr\u00e9sence, le po\u00e8te \u00e9tait toujours habit\u00e9 par la po\u00e9sie, par le questionnement, mais aussi la libert\u00e9 du po\u00e8te et de la sp\u00e9cificit\u00e9 de son acte d\u2019\u00e9crire et de ses choix po\u00e9tiques dans la construction du po\u00e8me moderne tout en s\u2019ouvrant sur l\u2019aventure et le dialogue.<\/p>\n<p>L\u2019Acad\u00e9mie, explique le secr\u00e9taire perp\u00e9tuel de l\u2019Acad\u00e9mie du Royaume du Maroc, Abdeljalil Lahjomri, accorde une place importante \u00e0 la po\u00e9sie et \u00e0 la Journ\u00e9e mondiale de la po\u00e9sie. Selon lui, Mohammed Bennis a publi\u00e9 son premier recueil de po\u00e9sies \u00ab\u00a0Ma Qabla al-Kalam\u00a0\u00bb en 1996. Il a \u00e0 son actif plus de 35 livres dont 16\u00a0 recueils de po\u00e8mes, des \u0153uvres po\u00e9tiques de deux volumes et des \u00e9tudes consacr\u00e9es au\u00a0 po\u00e8me marocain et arabe contemporain. Chez lui, dit-il, la po\u00e9sie est une connaissance qui est au c\u0153ur de sa r\u00e9flexion ayant d\u00e9pass\u00e9 un demi si\u00e8cle.\u00a0<\/p>\n<p>Pour Abdeljalil Lahjomri, Mohammed Bennis a\u00a0 \u00e9t\u00e9\u00a0 fid\u00e8le\u00a0; un projet po\u00e9tique et cr\u00e9atif qui a enrichi le po\u00e8me et sa n\u00e9cessit\u00e9 dans notre monde actuel et\u00a0 contemporain. \u00ab\u00a0Ce besoin \u00e0 la po\u00e9sie, c\u2019est-\u00e0-dire\u00a0 \u00e0 la libert\u00e9 et l\u2019aventure et la diff\u00e9rence parce que la po\u00e9sie ne pourra \u00eatre qu\u2019ainsi\u00a0\u00bb, a-t-il fait savoir.<\/p>\n<p>Selon lui toujours, parler de la po\u00e9sie m\u00eame si elle est classique, c\u2019est parler de la modernit\u00e9 parce son essence temporelle ne s\u2019installe pas uniquement dans des zones famili\u00e8res et habituelles. \u00ab\u00a0C\u2019est parce que la po\u00e9sie est pr\u00e9occup\u00e9e de tout ce qui est universel et humain\u00a0\u00bb, a-t-il expliqu\u00e9.<\/p>\n<p>De nos jours, la po\u00e9sie est essentielle. Un \u00e9crin de beaut\u00e9 pour illuminer les zones d\u2019ombres dans la vie humaine, de tous les jours.<\/p>\n<p>\u00abLa question fondamentale de la po\u00e9sie demeure dans le sens\u00a0: dans ce que produit le po\u00e8me, notamment en ce qui concerne les valeurs produites pour la soci\u00e9t\u00e9 \u00bb, a-t-il affirm\u00e9.\u00a0 La po\u00e9sie, poursuit-il, n\u2019est pas une simple \u00e9motion mais aussi une expression et une langue. Et d\u2019ajouter : \u00abLa po\u00e9sie a sa propre pens\u00e9e dans une soci\u00e9t\u00e9 ayant\u00a0 perdu toutes valeurs transcendantes dont la vie normale a besoin. Mieux encore, la po\u00e9sie nous invite \u00e0 penser et appartenir \u00e0 un espace commun \u00bb.<\/p>\n<p>Selon Mohammed Bennis, cet \u00e9v\u00e9nement est une occasion lumineuse o\u00f9 se rencontrent des cultures, des langues et des po\u00e8tes, des lecteurs pour f\u00eater la vie et la joie.\u00a0 Dans cette joie, dit-il, la po\u00e9sie est une r\u00e9sistance et r\u00e9silience de l\u2019extr\u00e9misme et la haine. Depuis les ann\u00e9es 90 du si\u00e8cle dernier, explique dans son mot \u00e0 l\u2019occasion, la voix de la destruction et de la d\u00e9vastation prend de plus en\u00a0 plus de terrain. Et la\u00a0 po\u00e9sie a connu un recul dans notre vie quotidienne.\u00a0<\/p>\n<p>Selon lui, l\u2019humanit\u00e9 aujourd\u2019hui est unifi\u00e9e dans cette trag\u00e9die de la pand\u00e9mie qui nous a emprisonn\u00e9s durant une ann\u00e9e dans nos maisons\u2026et encore. \u00a0<\/p>\n<p>Auteur: M&rsquo;hammed rahal<br \/>\n<a href=\"http:\/\/albayane.press.ma\/%EF%BB%BFlacademie-du-royaume-rend-hommage-a-mohammed-bennis.html\">Cliquez ici pour lire l&rsquo;article depuis sa source.<\/a><\/p>\n","protected":false},"excerpt":{"rendered":"<p>Journ\u00e9e mondiale de la po\u00e9sie Mohamed Nait Youssef Mohammed Bennis est l\u2019une des figures de proue de la sc\u00e8ne po\u00e9tique et culturelle nationale et arabe. Inutile de le pr\u00e9senter en deux mots, le po\u00e8te a apport\u00e9 sa pierre \u00e0\u00a0 l\u2019\u00e9difice culturel avec des recueils de po\u00e8mes, des critiques, des \u00e9tudes, des articles\u2026 \u00c0 cette occasion [&hellip;]<\/p>\n","protected":false},"author":1760,"featured_media":0,"comment_status":"closed","ping_status":"closed","sticky":false,"template":"","format":"standard","meta":{"fifu_image_url":"","fifu_image_alt":"","footnotes":""},"categories":[73,54],"tags":[],"class_list":["post-113745","post","type-post","status-publish","format-standard","hentry","category-actualite","category-maroc"],"_links":{"self":[{"href":"https:\/\/linitiative.ca\/International\/wp-json\/wp\/v2\/posts\/113745","targetHints":{"allow":["GET"]}}],"collection":[{"href":"https:\/\/linitiative.ca\/International\/wp-json\/wp\/v2\/posts"}],"about":[{"href":"https:\/\/linitiative.ca\/International\/wp-json\/wp\/v2\/types\/post"}],"author":[{"embeddable":true,"href":"https:\/\/linitiative.ca\/International\/wp-json\/wp\/v2\/users\/1760"}],"replies":[{"embeddable":true,"href":"https:\/\/linitiative.ca\/International\/wp-json\/wp\/v2\/comments?post=113745"}],"version-history":[{"count":0,"href":"https:\/\/linitiative.ca\/International\/wp-json\/wp\/v2\/posts\/113745\/revisions"}],"wp:attachment":[{"href":"https:\/\/linitiative.ca\/International\/wp-json\/wp\/v2\/media?parent=113745"}],"wp:term":[{"taxonomy":"category","embeddable":true,"href":"https:\/\/linitiative.ca\/International\/wp-json\/wp\/v2\/categories?post=113745"},{"taxonomy":"post_tag","embeddable":true,"href":"https:\/\/linitiative.ca\/International\/wp-json\/wp\/v2\/tags?post=113745"}],"curies":[{"name":"wp","href":"https:\/\/api.w.org\/{rel}","templated":true}]}}