{"id":113746,"date":"2021-03-25T14:00:54","date_gmt":"2021-03-25T18:00:54","guid":{"rendered":"https:\/\/linitiative.ca\/International\/%ef%bb%bfentreprises-de-travail-temporaire\/"},"modified":"2021-03-25T14:00:54","modified_gmt":"2021-03-25T18:00:54","slug":"%ef%bb%bfentreprises-de-travail-temporaire","status":"publish","type":"post","link":"https:\/\/linitiative.ca\/International\/%ef%bb%bfentreprises-de-travail-temporaire\/","title":{"rendered":"\ufeffEntreprises de travail temporaire"},"content":{"rendered":"<p class=\"has-text-color has-vivid-cyan-blue-color c1\"><strong>8\u00e8me r\u00e9union de la Commission tripartite de suivi<\/strong><\/p>\n<p><strong>La 8-\u00e8me r\u00e9union de la Commission tripartite charg\u00e9e du suivi de la bonne application des dispositions relatives aux entreprises de travail temporaire est pr\u00e9vue mercredi \u00e0 Rabat.<\/strong><\/p>\n<p>Cette commission constitue un cadre institutionnel du dialogue social th\u00e9matique, assurant la promotion de la culture de concertation et le dialogue entre le gouvernement, les organisations d\u2019employeurs et les organisations de travailleurs les plus repr\u00e9sentatives, a indiqu\u00e9 le minist\u00e8re du travail et l\u2019insertion professionnelle dans un communiqu\u00e9, pr\u00e9cisant qu\u2019elle a pour mission de proposer des mesures pour d\u00e9passer les probl\u00e9matiques li\u00e9es aux dispositions concernant les entreprises de travail temporaire.<\/p>\n<p>En vue de pr\u00e9parer la tenue de cette r\u00e9union et d\u2019assurer toutes les conditions de son bon d\u00e9roulement et du succ\u00e8s de ses travaux, deux r\u00e9unions regroupant les membres de la commission restreinte d\u00e9coulant de la commission tripartite ont \u00e9t\u00e9 tenues \u00e0 distance, simultan\u00e9ment le 26 novembre et le 19 d\u00e9cembre 2020.<\/p>\n<p>La derni\u00e8re r\u00e9union a \u00e9t\u00e9 couronn\u00e9e par l\u2019adoption du projet de l\u2019ordre du jour de la 8eme r\u00e9union portant sur la pr\u00e9sentation de rapport sur les travaux de la commission restreinte concernant l\u2019application des recommandations de la 7\u00e8me r\u00e9union de la commission tripartie, d\u2019un expos\u00e9 sur la caution dans les normes internationales et le droit compar\u00e9 et du syst\u00e8me informatique relatif au suivi des activit\u00e9s des agences d\u2019emploi priv\u00e9es, a relev\u00e9 la m\u00eame source.<\/p>\n<p>Une pr\u00e9sentation par le minist\u00e8re et organisations d\u2019employeurs et de travailleurs les plus repr\u00e9sentatives d\u2019expos\u00e9s sur les entreprises de travail temporaires entre l\u2019enjeu de la promotion de l\u2019emploi et la concr\u00e9tisation du travail d\u00e9cent est \u00e9galement pr\u00e9vue.<\/p>\n<p>Auteur: M&rsquo;hammed rahal<br \/>\n<a href=\"http:\/\/albayane.press.ma\/%EF%BB%BFentreprises-de-travail-temporaire.html\">Cliquez ici pour lire l&rsquo;article depuis sa source.<\/a><\/p>\n","protected":false},"excerpt":{"rendered":"<p>8\u00e8me r\u00e9union de la Commission tripartite de suivi La 8-\u00e8me r\u00e9union de la Commission tripartite charg\u00e9e du suivi de la bonne application des dispositions relatives aux entreprises de travail temporaire est pr\u00e9vue mercredi \u00e0 Rabat. Cette commission constitue un cadre institutionnel du dialogue social th\u00e9matique, assurant la promotion de la culture de concertation et le [&hellip;]<\/p>\n","protected":false},"author":1760,"featured_media":0,"comment_status":"closed","ping_status":"closed","sticky":false,"template":"","format":"standard","meta":{"fifu_image_url":"","fifu_image_alt":"","footnotes":""},"categories":[73,54],"tags":[],"class_list":["post-113746","post","type-post","status-publish","format-standard","hentry","category-actualite","category-maroc"],"_links":{"self":[{"href":"https:\/\/linitiative.ca\/International\/wp-json\/wp\/v2\/posts\/113746","targetHints":{"allow":["GET"]}}],"collection":[{"href":"https:\/\/linitiative.ca\/International\/wp-json\/wp\/v2\/posts"}],"about":[{"href":"https:\/\/linitiative.ca\/International\/wp-json\/wp\/v2\/types\/post"}],"author":[{"embeddable":true,"href":"https:\/\/linitiative.ca\/International\/wp-json\/wp\/v2\/users\/1760"}],"replies":[{"embeddable":true,"href":"https:\/\/linitiative.ca\/International\/wp-json\/wp\/v2\/comments?post=113746"}],"version-history":[{"count":0,"href":"https:\/\/linitiative.ca\/International\/wp-json\/wp\/v2\/posts\/113746\/revisions"}],"wp:attachment":[{"href":"https:\/\/linitiative.ca\/International\/wp-json\/wp\/v2\/media?parent=113746"}],"wp:term":[{"taxonomy":"category","embeddable":true,"href":"https:\/\/linitiative.ca\/International\/wp-json\/wp\/v2\/categories?post=113746"},{"taxonomy":"post_tag","embeddable":true,"href":"https:\/\/linitiative.ca\/International\/wp-json\/wp\/v2\/tags?post=113746"}],"curies":[{"name":"wp","href":"https:\/\/api.w.org\/{rel}","templated":true}]}}