{"id":113747,"date":"2021-03-25T14:00:56","date_gmt":"2021-03-25T18:00:56","guid":{"rendered":"https:\/\/linitiative.ca\/International\/%ef%bb%bfune-ouverture-attendue\/"},"modified":"2021-03-25T14:00:56","modified_gmt":"2021-03-25T18:00:56","slug":"%ef%bb%bfune-ouverture-attendue","status":"publish","type":"post","link":"https:\/\/linitiative.ca\/International\/%ef%bb%bfune-ouverture-attendue\/","title":{"rendered":"\ufeffUne ouverture attendue !"},"content":{"rendered":"<p class=\"has-text-color c1\"><strong>Grand Th\u00e9\u00e2tre de Rabat\u00a0<\/strong><\/p>\n<p class=\"c2\"><strong>M.N.Y<\/strong><\/p>\n<p><strong>Un v\u00e9ritable joyau architectural con\u00e7u et imagin\u00e9 par l\u2019architecte de renomm\u00e9e internationale, Zaha Hadid, juste avant son d\u00e9part le 31 mars 2016.\u00a0 Initi\u00e9 par le roi Mohammed VI, le Grand Th\u00e9\u00e2tre de Rabat, symbole de modernit\u00e9 et de renouvellement, est situ\u00e9 sur le fleuve Bouregreg entre les deux villes jumelles : Rabat et Sal\u00e9. Ce grand projet, \u00e9difi\u00e9 sur une superficie de 47.000 m2, dont l\u2019ouverture est pr\u00e9vue pour 2021, va certainement enrichir l\u2019infrastructure culturelle et th\u00e9\u00e2trale nationale.<\/strong><\/p>\n<p>Immense et majestueux, cet espace culturel, dont le ma\u00eetre d\u2019ouvrage n\u2019est que l\u2019Agence de d\u00e9veloppement de la vall\u00e9e du Bouregreg, comprend un th\u00e9\u00e2tre de 1800 places, un amphith\u00e9\u00e2tre ext\u00e9rieur d\u2019une capacit\u00e9 de 7000 personnes, un deuxi\u00e8me espace de r\u00e9p\u00e9tition exp\u00e9rimental et un restaurant pour 350 personnes. En effet, les travaux de cette institution th\u00e9\u00e2trale qui est, d\u2019ailleurs, la plus grande dans le monde arabe et dans le continent africain, sont compl\u00e8tement achev\u00e9s apr\u00e8s presque de 7 ans de travaux.<\/p>\n<p>R\u00e9alis\u00e9e avec une enveloppe budg\u00e9taire de plus de 1,2 milliard de dirhams, l\u2019ouverture de cet \u00e9difice sera, ipso facto, un temps fort voire m\u00e9morable dans les m\u00e9moires et dans l\u2019histoire de la culture nationale. Par ailleurs, son ouverture tant attendue insufflera un sang nouveau dans les veines du secteur th\u00e9\u00e2tral, culturel et artistique national.<\/p>\n<p>Auteur: M&rsquo;hammed rahal<br \/>\n<a href=\"http:\/\/albayane.press.ma\/%EF%BB%BFune-ouverture-attendue.html\">Cliquez ici pour lire l&rsquo;article depuis sa source.<\/a><\/p>\n","protected":false},"excerpt":{"rendered":"<p>Grand Th\u00e9\u00e2tre de Rabat\u00a0 M.N.Y Un v\u00e9ritable joyau architectural con\u00e7u et imagin\u00e9 par l\u2019architecte de renomm\u00e9e internationale, Zaha Hadid, juste avant son d\u00e9part le 31 mars 2016.\u00a0 Initi\u00e9 par le roi Mohammed VI, le Grand Th\u00e9\u00e2tre de Rabat, symbole de modernit\u00e9 et de renouvellement, est situ\u00e9 sur le fleuve Bouregreg entre les deux villes jumelles [&hellip;]<\/p>\n","protected":false},"author":1760,"featured_media":0,"comment_status":"closed","ping_status":"closed","sticky":false,"template":"","format":"standard","meta":{"fifu_image_url":"","fifu_image_alt":"","footnotes":""},"categories":[73,54],"tags":[],"class_list":["post-113747","post","type-post","status-publish","format-standard","hentry","category-actualite","category-maroc"],"_links":{"self":[{"href":"https:\/\/linitiative.ca\/International\/wp-json\/wp\/v2\/posts\/113747","targetHints":{"allow":["GET"]}}],"collection":[{"href":"https:\/\/linitiative.ca\/International\/wp-json\/wp\/v2\/posts"}],"about":[{"href":"https:\/\/linitiative.ca\/International\/wp-json\/wp\/v2\/types\/post"}],"author":[{"embeddable":true,"href":"https:\/\/linitiative.ca\/International\/wp-json\/wp\/v2\/users\/1760"}],"replies":[{"embeddable":true,"href":"https:\/\/linitiative.ca\/International\/wp-json\/wp\/v2\/comments?post=113747"}],"version-history":[{"count":0,"href":"https:\/\/linitiative.ca\/International\/wp-json\/wp\/v2\/posts\/113747\/revisions"}],"wp:attachment":[{"href":"https:\/\/linitiative.ca\/International\/wp-json\/wp\/v2\/media?parent=113747"}],"wp:term":[{"taxonomy":"category","embeddable":true,"href":"https:\/\/linitiative.ca\/International\/wp-json\/wp\/v2\/categories?post=113747"},{"taxonomy":"post_tag","embeddable":true,"href":"https:\/\/linitiative.ca\/International\/wp-json\/wp\/v2\/tags?post=113747"}],"curies":[{"name":"wp","href":"https:\/\/api.w.org\/{rel}","templated":true}]}}