{"id":113748,"date":"2021-03-25T14:00:58","date_gmt":"2021-03-25T18:00:58","guid":{"rendered":"https:\/\/linitiative.ca\/International\/le-maroc-nation-dexception\/"},"modified":"2021-03-25T14:00:58","modified_gmt":"2021-03-25T18:00:58","slug":"le-maroc-nation-dexception","status":"publish","type":"post","link":"https:\/\/linitiative.ca\/International\/le-maroc-nation-dexception\/","title":{"rendered":"Le Maroc, nation d\u2019exception!"},"content":{"rendered":"<p class=\"has-text-color c1\"><strong>\u00abComment se fait-il qu\u2019un pays \u00absous-d\u00e9velopp\u00e9\u00bb, comme le Maroc vaccine plus et mieux que la France ?\u00bb, tonne un journaliste indign\u00e9 sur les antennes d\u2019une cha\u00eene tricolore. Une question qui fait le tour de l\u2019Hexagone alors qu\u2019on pr\u00e9tendait d\u00e9tenir la technologie sanitaire ad\u00e9quate pour \u00eatre bien en avance.<\/strong><\/p>\n<p>Depuis d\u00e9j\u00e0 la tomb\u00e9e de la pand\u00e9mie, il y a un peu plus d\u2019une ann\u00e9e, on ne cessait d\u2019encenser les prouesses marocaines au niveau de la gestion de l\u2019\u00e9pid\u00e9mie par les moyens de bord intrins\u00e8que.<\/p>\n<p>En fait, il n\u2019y avait pas de secret \u00e0 cette performance qui \u00e9bahissait le monde entier, par la fabrication des bavettes en grandes quantit\u00e9s, en si peu de temps, la mise en \u0153uvre des appareils de respiration artificielle, le traitement \u00e0 la fois souple et rigoureux des gestes barri\u00e8res \u00e0 travers le territoire national\u2026Il n\u2019y avait en effet, qu\u2019une seule explication \u00e0 toute cette distinction qui \u00e9branle les observateurs de la plan\u00e8te\u00a0: la symbiose qui a constamment r\u00e9gn\u00e9 entre un Monarque visionnaire et une Peuple solidaire.<\/p>\n<p>Aujourd\u2019hui, l\u2019Organisation Mondiale de Sant\u00e9 (OMS) ne cache pas son admiration par rapport \u00e0 cette Nation d\u2019exception dont l\u2019Histoire regorge de telles notori\u00e9t\u00e9s contemporaines, depuis l\u2019\u00e8re coloniale \u00e0 celle de la civilit\u00e9, en passant par l\u2019\u00e9pop\u00e9e verte et la r\u00e9conciliation avec le pass\u00e9 lugubre des ann\u00e9es de plomb.<\/p>\n<p>R\u00e9cemment encore, un organisme international de tourisme vient de classer notre pays parmi les cinq top des destinations universelles les plus s\u00e9curitaires. Cette cons\u00e9cration in\u00e9dite s\u2019appuie tout d\u2019abord sur la stabilit\u00e9 p\u00e9renne qui a toujours constitu\u00e9 un pilier fondateur de son \u00e9volution identitaire et d\u00e9veloppemental, mais \u00e9galement sur cette particularit\u00e9 notoire dont il a fait montre durant l\u2019\u00e9preuve \u00e9pid\u00e9miologique \u00e0 nos jours.<\/p>\n<p>Ceci \u00e9tant, il va sans dire que ces atouts qui placent bien notre pays \u00e0 l\u2019avant-garde de tous les challenges en pr\u00e9sence, sont de nature \u00e0 renforcer sa position au plan de l\u2019essor d\u00e9mocratique, du progr\u00e8s \u00e9conomique et de la justice sociale et territoriale. Il est donc question de tirer profit de toutes ces louanges dont il se fait jouir sur la sc\u00e8ne mondiale, ce qui fortifierait sa th\u00e8se cr\u00e9dible et pacifique inh\u00e9rente \u00e0 sa cause nationale.<\/p>\n<p>Tous ces acquis dont il aura h\u00e9rit\u00e9 de la crise virale, en termes de communion populaire et de reconnaissance plan\u00e9taire, serviraient de supports pi\u00e9destaux pour une relance salutaire de la post-pand\u00e9mie. Le slalom africain qu\u2019il est en train d\u2019effectuer avec cran et tact, sous une approche win win et le punch international qu\u2019il est en passe de soumettre \u00e0 ses interlocuteurs du vieux continents tout particuli\u00e8rement, sont bel et bien, des signes du renouveau qu\u2019il fait pr\u00e9valoir pour un avenir des plus florissants.<\/p>\n<p>Il se sera agi alors d\u2019une mise en avant agissante du front int\u00e9rieur sur tous les registres d\u00e9mocratique, social, \u00a0\u00e9conomique, \u00e9cologique et culturel, afin d\u2019\u00eatre au diapason de tous les rangs de renom mondial.<\/p>\n<p>Auteur: M&rsquo;hammed rahal<br \/>\n<a href=\"http:\/\/albayane.press.ma\/le-maroc-nation-dexception.html\">Cliquez ici pour lire l&rsquo;article depuis sa source.<\/a><\/p>\n","protected":false},"excerpt":{"rendered":"<p>\u00abComment se fait-il qu\u2019un pays \u00absous-d\u00e9velopp\u00e9\u00bb, comme le Maroc vaccine plus et mieux que la France ?\u00bb, tonne un journaliste indign\u00e9 sur les antennes d\u2019une cha\u00eene tricolore. Une question qui fait le tour de l\u2019Hexagone alors qu\u2019on pr\u00e9tendait d\u00e9tenir la technologie sanitaire ad\u00e9quate pour \u00eatre bien en avance. Depuis d\u00e9j\u00e0 la tomb\u00e9e de la pand\u00e9mie, [&hellip;]<\/p>\n","protected":false},"author":1760,"featured_media":0,"comment_status":"closed","ping_status":"closed","sticky":false,"template":"","format":"standard","meta":{"fifu_image_url":"","fifu_image_alt":"","footnotes":""},"categories":[73,54],"tags":[],"class_list":["post-113748","post","type-post","status-publish","format-standard","hentry","category-actualite","category-maroc"],"_links":{"self":[{"href":"https:\/\/linitiative.ca\/International\/wp-json\/wp\/v2\/posts\/113748","targetHints":{"allow":["GET"]}}],"collection":[{"href":"https:\/\/linitiative.ca\/International\/wp-json\/wp\/v2\/posts"}],"about":[{"href":"https:\/\/linitiative.ca\/International\/wp-json\/wp\/v2\/types\/post"}],"author":[{"embeddable":true,"href":"https:\/\/linitiative.ca\/International\/wp-json\/wp\/v2\/users\/1760"}],"replies":[{"embeddable":true,"href":"https:\/\/linitiative.ca\/International\/wp-json\/wp\/v2\/comments?post=113748"}],"version-history":[{"count":0,"href":"https:\/\/linitiative.ca\/International\/wp-json\/wp\/v2\/posts\/113748\/revisions"}],"wp:attachment":[{"href":"https:\/\/linitiative.ca\/International\/wp-json\/wp\/v2\/media?parent=113748"}],"wp:term":[{"taxonomy":"category","embeddable":true,"href":"https:\/\/linitiative.ca\/International\/wp-json\/wp\/v2\/categories?post=113748"},{"taxonomy":"post_tag","embeddable":true,"href":"https:\/\/linitiative.ca\/International\/wp-json\/wp\/v2\/tags?post=113748"}],"curies":[{"name":"wp","href":"https:\/\/api.w.org\/{rel}","templated":true}]}}