{"id":113749,"date":"2021-03-25T14:01:50","date_gmt":"2021-03-25T18:01:50","guid":{"rendered":"https:\/\/linitiative.ca\/International\/licesco-celebre-les-poetes-ailes-de-la-paix\/"},"modified":"2021-03-25T14:01:50","modified_gmt":"2021-03-25T18:01:50","slug":"licesco-celebre-les-poetes-ailes-de-la-paix","status":"publish","type":"post","link":"https:\/\/linitiative.ca\/International\/licesco-celebre-les-poetes-ailes-de-la-paix\/","title":{"rendered":"L\u2019ICESCO c\u00e9l\u00e8bre \u00ables po\u00e8tes, ailes de la paix\u00bb"},"content":{"rendered":"<p><strong>L\u2019Organisation du monde islamique pour l\u2019\u00e9ducation, les sciences et la culture (ICESCO) a organis\u00e9, mardi \u00e0 Rabat, une c\u00e9l\u00e9bration internationale par visioconf\u00e9rence de la journ\u00e9e mondiale de la po\u00e9sie sous le th\u00e8me \u00ab\u00a0les po\u00e8tes, ailes de la paix\u00a0\u00bb, une expression de l\u2019int\u00e9r\u00eat qu\u2019elle accorde \u00e0 la po\u00e9sie en tant que langue universelle.<\/strong><\/p>\n<p>La s\u00e9ance d\u2019ouverture de cette c\u00e9l\u00e9bration, organis\u00e9e en coop\u00e9ration avec l\u2019Acad\u00e9mie de la po\u00e9sie arabe du Royaume d\u2019Arabie saoudite, a \u00e9t\u00e9 marqu\u00e9e par la projection d\u2019une vid\u00e9o sur la po\u00e9sie et les po\u00e8tes, intitul\u00e9e \u00ab\u00a0l\u2019oiseau des contes blonds\u00a0\u00bb et r\u00e9alis\u00e9e par l\u2019ICESCO \u00e0 l\u2019occasion de cet \u00e9v\u00e9nement culturel.<\/p>\n<p>L\u2019ICESCO c\u00e9l\u00e8bre aujourd\u2019hui la po\u00e9sie et les po\u00e8tes. elle est la maison de po\u00e8tes et le refuge d\u2019hommes de lettres et d\u2019intellectuels, a soulign\u00e9 le directeur g\u00e9n\u00e9ral de l\u2019organisation, Salem Ben Mohammed El Malek dans une d\u00e9claration \u00e0 la MAP.<\/p>\n<p>A travers cette manifestation \u00e0 laquelle participe un parterre de po\u00e8tes arabes venus de plusieurs pays, l\u2019ICESCO affirme l\u2019int\u00e9r\u00eat particulier qu\u2019elle accorde aux po\u00e8tes, a soulign\u00e9 M. Salem Ben Mohammed El Malek.<\/p>\n<p>Pour sa part, M. Khalid Fatharrahmane, directeur du dialogue et de la diversit\u00e9 culturelle \u00e0 l\u2019ICESCO a relev\u00e9 qu\u2019\u00e0 travers cet \u00e9v\u00e9nement l\u2019organisation c\u00e9l\u00e8bre la po\u00e9sie et les po\u00e8tes en reconnaissance de leur r\u00f4les pivots, notant que ces derniers r\u00e9pandent l\u2019espoir et pr\u00eachent la vie et la paix dans toutes les zones o\u00f9 il y a des conflits.<\/p>\n<p>Au menu de cette c\u00e9l\u00e9bration figurent la lecture de po\u00e8mes au f\u00e9minin et d\u2019autres \u00e9crits par de grands po\u00e8tes de la r\u00e9gion arabe et musulmane, ainsi que de s\u00e9minaires s\u2019int\u00e9ressant aux institutions po\u00e9tiques et un forum critique sur la po\u00e9sie et l\u2019\u00e8re du roman, a-t-il d\u00e9clar\u00e9.<\/p>\n<p>La po\u00e9sie est un art noble et ancr\u00e9 dans les cultures internationales, y compris celle islamique, et il n y a pas un genre litt\u00e9raire qui peut exprimer sinc\u00e8rement et avec un go\u00fbt raffin\u00e9 les sentiments et \u00e9motions humains comme la po\u00e9sie, a indiqu\u00e9, de son c\u00f4t\u00e9, l\u2019invit\u00e9 d\u2019honneur de cette c\u00e9r\u00e9monie, Mohamed Bena\u00efssa, secr\u00e9taire g\u00e9n\u00e9ral de la Fondation du Forum d\u2019Assilah.<\/p>\n<p>Si la po\u00e9sie est un rituel collectif par excellence, la c\u00e9l\u00e9bration de sa journ\u00e9e intervient dans un contexte exceptionnel marqu\u00e9 par la distanciation sociale et la r\u00e9duction du nombre de manifestations, a not\u00e9 M. Bena\u00efssa \u00e0 cette occasion.<\/p>\n<p>Assilah, qui est une ville des arts, a donn\u00e9 naissance \u00e0 plusieurs po\u00e8tes, s\u2019est r\u00e9joui M. Bena\u00efssa, ajoutant que ces aspects po\u00e9tiques, que l\u2019on trouve dans la nature et chez l\u2019Homme, ont motiv\u00e9 le lancement du projet international d\u2019Assilah qui a commenc\u00e9 en 1978 par la po\u00e9sie et les arts plastiques avant de prendre sa forme actuelle du Forum culturel annuel d\u2019Assilah.<\/p>\n<p>Le projet d\u2019Assilah a \u00e9t\u00e9 fid\u00e8le \u00e0 la po\u00e9sie en invitant d\u2019\u00e9minents po\u00e8tes arabes et \u00e9trangers et en consacrant des prix \u00e0 leur honneur comme \u00ab\u00a0le prix Tchicaya U Tam\u2019si de la po\u00e9sie africaine\u00a0\u00bb et des prix d\u2019encouragement des jeunes po\u00e8tes comme le \u00ab\u00a0prix Buland Al-Ha\u00efdari de la jeune po\u00e9sie arabe\u00a0\u00bb.<\/p>\n<p>Mettant en avant l\u2019importance des po\u00e8tes, le repr\u00e9sentant de l\u2019Acad\u00e9mie de po\u00e9sie arabe, Manssour El Harti, a indiqu\u00e9, de son c\u00f4t\u00e9, que ce sont les po\u00e8tes qui savent bien manipuler les mots et le sens, dans la mesure o\u00f9 la po\u00e9sie a \u00e9t\u00e9 consid\u00e9r\u00e9e comme l\u2019expression du plus haut niveau du savoir chez les arabes, ajoutant que malgr\u00e9 le fait que beaucoup consid\u00e8rent que ce qui unit les \u00eatres humains aujourd\u2019hui est la technologie et en d\u00e9pit de son importance dans la contraction du temps et des distances, le mot reste la chose la plus importante qui unit les gens.<\/p>\n<p>Les po\u00e8tes doivent aujourd\u2019hui sensibiliser les jeunes \u00e0 l\u2019importance de ce genre litt\u00e9raire, a-t-il dit, notant que c\u2019est pour cette raison que l\u2019Acad\u00e9mie de la po\u00e9sie arabe s\u2019est adress\u00e9e directement aux jeunes pour leur fournir une plateforme de po\u00e9sie rassemblant un ensemble d\u2019\u00e9tudiants universitaires int\u00e9ress\u00e9s par la po\u00e9sie, tout en organisant des comp\u00e9titions pour d\u00e9couvrir les jeunes talents \u00e0 diff\u00e9rents stades \u00e9ducatifs et en publiant des recueils des meilleurs po\u00e8mes qu\u2019ils produisent, appelant, \u00e0 cet \u00e9gard, \u00e0 intensifier les efforts pour diffuser davantage la culture po\u00e9tique.<\/p>\n<p>Le directeur g\u00e9n\u00e9ral de l\u2019ICESCO, Salem Ben Mohamed AlMalik a r\u00e9cit\u00e9 un po\u00e8me c\u00e9r\u00e9moniel qu\u2019il a compos\u00e9 pour l\u2019occasion, et dont les vers expriment l\u2019importance de la po\u00e9sie et d\u00e9fendent sa position et le statut des po\u00e8tes.\u00a0 De son c\u00f4t\u00e9, le po\u00e8te Mohamed Acha\u00e2ri, laur\u00e9at du Prix international Argana de po\u00e9sie 2020 a pr\u00e9sent\u00e9 un de ses po\u00e8mes qui sera bient\u00f4t publi\u00e9 dans un recueil de po\u00e8mes.<\/p>\n<p>Cette c\u00e9l\u00e9bration a \u00e9t\u00e9 marqu\u00e9e par l\u2019interpr\u00e9tation d\u2019un r\u00e9pertoire vari\u00e9 de musique par l\u2019artiste marocaine Karima Skalli, dont quelques morceaux musicaux \u00e9crits par des grands po\u00e8tes du soufisme.<\/p>\n<p>La premi\u00e8re s\u00e9ance de cette c\u00e9r\u00e9monie a \u00e9t\u00e9 consacr\u00e9e \u00e0 \u00ab\u00a0La po\u00e9sie et ses institutions: constantes et variables\u00a0\u00bb, alors que la deuxi\u00e8me a trait\u00e9 de \u00ab\u00a0La dame des po\u00e8mes: lectures po\u00e9tiques f\u00e9minines\u00a0\u00bb et la troisi\u00e8me a port\u00e9 sur \u00ab\u00a0Le temps de la po\u00e9sie et le temps de la narration\u00a0\u00bb. Quant \u00e0 la quatri\u00e8me s\u00e9ance, elle a pr\u00e9sent\u00e9 des exemples de \u00ab\u00a0Voix impressionnantes dans la po\u00e9sie d\u2019aujourd\u2019hui\u00a0\u00bb.<\/p>\n<p>Les s\u00e9ances de cette c\u00e9l\u00e9bration connaissent la participation de plusieurs po\u00e8tes et artistes repr\u00e9sentant notamment le Maroc, l\u2019Arabie Saoudite, le Soudan, le Pakistan, l\u2019\u00c9gypte, l\u2019Alg\u00e9rie, le Liban, la Jordanie, la Palestine, Oman et la Mauritanie.<\/p>\n<p>Auteur: M&rsquo;hammed rahal<br \/>\n<a href=\"http:\/\/albayane.press.ma\/licesco-celebre-les-poetes-ailes-de-la-paix.html\">Cliquez ici pour lire l&rsquo;article depuis sa source.<\/a><\/p>\n","protected":false},"excerpt":{"rendered":"<p>L\u2019Organisation du monde islamique pour l\u2019\u00e9ducation, les sciences et la culture (ICESCO) a organis\u00e9, mardi \u00e0 Rabat, une c\u00e9l\u00e9bration internationale par visioconf\u00e9rence de la journ\u00e9e mondiale de la po\u00e9sie sous le th\u00e8me \u00ab\u00a0les po\u00e8tes, ailes de la paix\u00a0\u00bb, une expression de l\u2019int\u00e9r\u00eat qu\u2019elle accorde \u00e0 la po\u00e9sie en tant que langue universelle. La s\u00e9ance d\u2019ouverture [&hellip;]<\/p>\n","protected":false},"author":1760,"featured_media":0,"comment_status":"closed","ping_status":"closed","sticky":false,"template":"","format":"standard","meta":{"fifu_image_url":"","fifu_image_alt":"","footnotes":""},"categories":[73,54],"tags":[],"class_list":["post-113749","post","type-post","status-publish","format-standard","hentry","category-actualite","category-maroc"],"_links":{"self":[{"href":"https:\/\/linitiative.ca\/International\/wp-json\/wp\/v2\/posts\/113749","targetHints":{"allow":["GET"]}}],"collection":[{"href":"https:\/\/linitiative.ca\/International\/wp-json\/wp\/v2\/posts"}],"about":[{"href":"https:\/\/linitiative.ca\/International\/wp-json\/wp\/v2\/types\/post"}],"author":[{"embeddable":true,"href":"https:\/\/linitiative.ca\/International\/wp-json\/wp\/v2\/users\/1760"}],"replies":[{"embeddable":true,"href":"https:\/\/linitiative.ca\/International\/wp-json\/wp\/v2\/comments?post=113749"}],"version-history":[{"count":0,"href":"https:\/\/linitiative.ca\/International\/wp-json\/wp\/v2\/posts\/113749\/revisions"}],"wp:attachment":[{"href":"https:\/\/linitiative.ca\/International\/wp-json\/wp\/v2\/media?parent=113749"}],"wp:term":[{"taxonomy":"category","embeddable":true,"href":"https:\/\/linitiative.ca\/International\/wp-json\/wp\/v2\/categories?post=113749"},{"taxonomy":"post_tag","embeddable":true,"href":"https:\/\/linitiative.ca\/International\/wp-json\/wp\/v2\/tags?post=113749"}],"curies":[{"name":"wp","href":"https:\/\/api.w.org\/{rel}","templated":true}]}}