{"id":113752,"date":"2021-03-26T07:10:31","date_gmt":"2021-03-26T11:10:31","guid":{"rendered":"https:\/\/linitiative.ca\/International\/environnement-programme-sunref-modalites-et-conditions-deligibilite\/"},"modified":"2021-03-26T07:10:31","modified_gmt":"2021-03-26T11:10:31","slug":"environnement-programme-sunref-modalites-et-conditions-deligibilite","status":"publish","type":"post","link":"https:\/\/linitiative.ca\/International\/environnement-programme-sunref-modalites-et-conditions-deligibilite\/","title":{"rendered":"Environnement \u2013 Programme Sunref : modalit\u00e9s et conditions d\u2019\u00e9ligibilit\u00e9"},"content":{"rendered":"<div class=\"td-post-content\">\n<h2>Dans le cadre de son implication dans la r\u00e9solution des probl\u00e8mes environnementaux et dans la responsabilit\u00e9 soci\u00e9tale, la Conf\u00e9d\u00e9ration des entreprises citoyennes de Tunisie (<a href=\"https:\/\/www.conect.org.tn\/\" target=\"_blank\" rel=\"noopener noreferrer\">CONECT)<\/a>\u00a0a organis\u00e9 un webinaire conjointement avec le programme Sunref Tunisie le jeudi 25 mars 2021.<\/h2>\n<p>Le programme est un label de finance verte. Il vise, en soutenant financi\u00e8rement l\u2019investissement des entreprises: la promotion de l\u2019utilisation des \u00e9nergies renouvelables et l\u2019efficacit\u00e9 \u00e9nerg\u00e9tique; la d\u00e9pollution; ainsi que la production propre. Ainsi, Sunref comprend:<\/p>\n<ul>\n<li>Une ligne de 60 millions d\u2019euros de pr\u00eats compris entre maximum 1 M et 4 M d\u2019euros pour des projets environnementaux en fonction du secteur. Et ce, \u00e0 des taux d\u2019int\u00e9r\u00eats plafonn\u00e9s et bonifi\u00e9s, remboursables sur une p\u00e9riode comprise entre cinq et dix ans.<\/li>\n<li>Une assistance technique d\u2019un montant de 2.2 millions d\u2019euros sur 3 ans.<\/li>\n<li>Et un m\u00e9canisme de prime \u00e0 l\u2019investissement \u00e0 hauteur de 15% de la valeur de la somme accord\u00e9e.<\/li>\n<\/ul>\n<h2>Modalit\u00e9s et conditions d\u2019\u00e9ligibilit\u00e9 des projets<\/h2>\n<p>En effet, les projets \u00e9ligibles en ma\u00eetrise d\u2019\u00e9nergie sont ceux d\u2019efficacit\u00e9 \u00e9nerg\u00e9tique (cog\u00e9n\u00e9ration, \u00e9quipement plus sobres, syst\u00e8mes de r\u00e9gulation etc.). Ces projets doivent r\u00e9aliser un minimum de 20% d\u2019\u00e9conomies d\u2019\u00e9nergies primaires. Ainsi que les projets d\u2019\u00e9nergies renouvelables pour le secteur industriel et tertiaire (photovolta\u00efque, syst\u00e8me \u00e9olien de petite taille, biomasse-\u00e9nergie, technologies hybrides, etc.).<\/p>\n<p>Ainsi, ces projets \u00e9ligibles en mati\u00e8re d\u2019environnement sont ceux se rapportant \u00e0 la production propre (valorisation des d\u00e9chets). Le programme concerne aussi les projets visant la r\u00e9duction de la pollution.<\/p>\n<p>Par ailleurs, le programme SUNREF dure jusqu\u2019au mois de juin 2023. Il est d\u00e9velopp\u00e9 par l\u2019AFD et cofinanc\u00e9 par l\u2019UE.<\/p>\n<p>Il est aussi mis en \u0153uvre par Expertise France. Ce programme est r\u00e9alis\u00e9 en partenariat avec l\u2019ANME et l\u2019ANP ainsi que quatre banques tunisiennes.<\/p>\n<p><strong><em>E.M<\/em><\/strong><\/p>\n<\/div>\n<footer>\n<\/footer>\n<div class=\"wp-post-author-wrap wp-post-author-shortcode left\">\n<h3 class=\"awpa-title\"\/>\n<div class=\"wp-post-author\">\n<div class=\"awpa-img awpa-author-block square\"><a href=\"http:\/\/lexpertjournal.net\/fr\/?author=5\"><img loading=\"lazy\" decoding=\"async\" alt=\"\" src=\"http:\/\/0.gravatar.com\/avatar\/97f8e10a1c1125ba104a76514ee07b16?s=150&amp;d=mm&amp;r=g\" srcset=\"http:\/\/0.gravatar.com\/avatar\/97f8e10a1c1125ba104a76514ee07b16?s=300&amp;d=mm&amp;r=g 2x\" class=\"avatar avatar-150 photo\" height=\"150\" width=\"150\"\/><\/a><\/div>\n<\/div>\n<\/div>\n<aside class=\"mashsb-container mashsb-main mashsb-stretched\">\n<\/aside>\n<p>Auteur: L&rsquo;expert<br \/>\n<a href=\"http:\/\/lexpertjournal.net\/fr\/?p=19464\">Cliquez ici pour lire l&rsquo;article depuis sa source.<\/a><\/p>\n","protected":false},"excerpt":{"rendered":"<p>Dans le cadre de son implication dans la r\u00e9solution des probl\u00e8mes environnementaux et dans la responsabilit\u00e9 soci\u00e9tale, la Conf\u00e9d\u00e9ration des entreprises citoyennes de Tunisie (CONECT)\u00a0a organis\u00e9 un webinaire conjointement avec le programme Sunref Tunisie le jeudi 25 mars 2021. Le programme est un label de finance verte. Il vise, en soutenant financi\u00e8rement l\u2019investissement des entreprises: [&hellip;]<\/p>\n","protected":false},"author":1775,"featured_media":0,"comment_status":"closed","ping_status":"closed","sticky":false,"template":"","format":"standard","meta":{"fifu_image_url":"http:\/\/0.gravatar.com\/avatar\/97f8e10a1c1125ba104a76514ee07b16?s=150&d=mm&r=g","fifu_image_alt":"Environnement \u2013 Programme Sunref : modalit\u00e9s et conditions d\u2019\u00e9ligibilit\u00e9","footnotes":""},"categories":[78,55],"tags":[],"class_list":["post-113752","post","type-post","status-publish","format-standard","hentry","category-economie","category-tunisie"],"_links":{"self":[{"href":"https:\/\/linitiative.ca\/International\/wp-json\/wp\/v2\/posts\/113752","targetHints":{"allow":["GET"]}}],"collection":[{"href":"https:\/\/linitiative.ca\/International\/wp-json\/wp\/v2\/posts"}],"about":[{"href":"https:\/\/linitiative.ca\/International\/wp-json\/wp\/v2\/types\/post"}],"author":[{"embeddable":true,"href":"https:\/\/linitiative.ca\/International\/wp-json\/wp\/v2\/users\/1775"}],"replies":[{"embeddable":true,"href":"https:\/\/linitiative.ca\/International\/wp-json\/wp\/v2\/comments?post=113752"}],"version-history":[{"count":0,"href":"https:\/\/linitiative.ca\/International\/wp-json\/wp\/v2\/posts\/113752\/revisions"}],"wp:attachment":[{"href":"https:\/\/linitiative.ca\/International\/wp-json\/wp\/v2\/media?parent=113752"}],"wp:term":[{"taxonomy":"category","embeddable":true,"href":"https:\/\/linitiative.ca\/International\/wp-json\/wp\/v2\/categories?post=113752"},{"taxonomy":"post_tag","embeddable":true,"href":"https:\/\/linitiative.ca\/International\/wp-json\/wp\/v2\/tags?post=113752"}],"curies":[{"name":"wp","href":"https:\/\/api.w.org\/{rel}","templated":true}]}}