{"id":113757,"date":"2021-03-26T07:40:20","date_gmt":"2021-03-26T11:40:20","guid":{"rendered":"https:\/\/linitiative.ca\/International\/une-startup-dediee-au-traitement-ecologique-des-eaux-usees\/"},"modified":"2021-03-26T07:40:20","modified_gmt":"2021-03-26T11:40:20","slug":"une-startup-dediee-au-traitement-ecologique-des-eaux-usees","status":"publish","type":"post","link":"https:\/\/linitiative.ca\/International\/une-startup-dediee-au-traitement-ecologique-des-eaux-usees\/","title":{"rendered":"Une startup d\u00e9di\u00e9e au traitement \u00e9cologique des eaux us\u00e9es"},"content":{"rendered":"<div readability=\"40\">\n<p>Marrakech \u2013 La 6\u00e8me \u00c9dition de la Semaine de l\u2019Eau et l\u2019Energie organis\u00e9e, les 24 et 25 mars courant, a offert l\u2019opportunit\u00e9 pour la pr\u00e9sentation d\u2019une startup fond\u00e9e par des Marocains, offrant un syst\u00e8me de traitement et de r\u00e9utilisation des eaux us\u00e9es \u00ab\u00a0\u00e9cologique\u00a0\u00bb, \u00ab\u00a0abordable\u00a0\u00bb, \u00ab\u00a0performant\u00a0\u00bb et parfaitement adapt\u00e9 aux zones rurales.<\/p>\n<\/div>\n<div readability=\"101\">\n<p>Baptis\u00e9e \u00ab\u00a0Green Watech\u00a0\u00bb, cette startup ambitionne de permettre aux populations rurales un acc\u00e8s au service d\u2019assainissement, en utilisant une nouvelle solution innovante pour le traitement et la r\u00e9utilisation des eaux us\u00e9es domestiques.<\/p>\n<p>Pour M. Richard Mugani, directeur technique au sein de cette entreprise, cette solution de \u00ab\u00a0filtre imbriqu\u00e9\u00a0\u00bb r\u00e9pond parfaitement aux perspectives du Royaume en termes de protection de l\u2019environnement, d\u2019am\u00e9lioration de la qualit\u00e9 de vie de la population rurale et d\u2019acc\u00e8s de tous, \u00e0 des services d\u2019alimentation en eau et d\u2019assainissement g\u00e9r\u00e9s de fa\u00e7on durable.<\/p>\n<p>Ce nouveau proc\u00e9d\u00e9 destin\u00e9 au traitement des eaux us\u00e9es domestiques au niveau des petites communaut\u00e9s et villages en milieu rural, consiste \u00e0 collecter les eaux us\u00e9es domestiques, les filtrer et les traiter jusqu\u2019\u00e0 obtenir une eau de haute qualit\u00e9 qui peut \u00eatre r\u00e9utilis\u00e9e en toute s\u00e9curit\u00e9 dans l\u2019irrigation.<\/p>\n<p>L\u2019application du proc\u00e9d\u00e9 de filtre imbriqu\u00e9 offre une solution \u00e9cologique, durable et \u00e9conomique en raison de son co\u00fbt r\u00e9duit d\u2019investissement et d\u2019entretien, explique M. Richard Mugani.<\/p>\n<p>Les techniques existantes de traitement et de r\u00e9utilisation des eaux us\u00e9es sont co\u00fbteuses, non adapt\u00e9es aux zones rurales et demandent un personnel hautement qualifi\u00e9 pour le fonctionnement, fait remarquer M. Mugani.<\/p>\n<p>Ce proc\u00e9d\u00e9 d\u00e9velopp\u00e9 par \u00ab\u00a0Green Watech\u00a0\u00bb, permet d\u2019am\u00e9liorer la qualit\u00e9 de vie de la population rurale, de cr\u00e9er des opportunit\u00e9s d\u2019emploi, r\u00e9duire la vuln\u00e9rabilit\u00e9 et les migrations forc\u00e9es des habitants des zones rurales.<\/p>\n<p>Il permet aussi la r\u00e9duction des effets des rejets d\u2019eaux us\u00e9es (maladies de l\u2019eau), la protection des ressources en eau (eaux souterraines et eaux de surface) mais aussi de minimiser l\u2019utilisation d\u2019eau douce pour l\u2019irrigation, \u00e9conomiser l\u2019eau en tant que ressource naturelle, d\u00e9velopper le secteur agricole par la r\u00e9utilisation des eaux us\u00e9es trait\u00e9es dans l\u2019irrigation et en fin de compte am\u00e9liorer la s\u00e9curit\u00e9 alimentaire.<\/p>\n<p>Pour rappel, cette startup a remport\u00e9 de nombreux prix, distinctions et une reconnaissance \u00e0 l\u2019\u00e9chelle nationale et internationale.<\/p>\n<p>Plac\u00e9e sous le th\u00e8me \u00ab\u00a0la valorisation de l\u2019eau et l\u2019\u00e9nergie \u00e0 travers l\u2019application des solutions durables\u00a0\u00bb, la 6\u00e8me \u00c9dition de la Semaine de l\u2019Eau &amp; l\u2019Energie avait pour objectif de mettre en \u00e9vidence l\u2019implication de la recherche appliqu\u00e9e dans la valorisation de l\u2019eau et de l\u2019\u00e9nergie, \u00e0 travers l\u2019adoption de solutions durables en mati\u00e8re d\u2019exploitation et de valorisation des ressources en eau et \u00e9nergie.<\/p>\n<p>Cet \u00e9v\u00e9nement, de deux jours, a aussi \u00e9t\u00e9 l\u2019occasion pour les scientifiques, les d\u00e9cideurs, les gestionnaires des entreprises, la soci\u00e9t\u00e9 civile et les \u00e9tudiants de prendre connaissance des solutions innovantes en \u00e9co-technologies pour le traitement des eaux us\u00e9es, et l\u2019utilisation des mat\u00e9riaux \u00e9cologiques en efficacit\u00e9 \u00e9nerg\u00e9tique.<\/p>\n<\/div>\n<p>Auteur: Meriem IGASS<br \/>\n<a href=\"http:\/\/www.mapmarrakech.ma\/fr\/une-startup-offre-un-systeme-ecologique-de-traitement-des-eaux-usees\/\">Cliquez ici pour lire l&rsquo;article depuis sa source.<\/a><\/p>\n","protected":false},"excerpt":{"rendered":"<p>Marrakech \u2013 La 6\u00e8me \u00c9dition de la Semaine de l\u2019Eau et l\u2019Energie organis\u00e9e, les 24 et 25 mars courant, a offert l\u2019opportunit\u00e9 pour la pr\u00e9sentation d\u2019une startup fond\u00e9e par des Marocains, offrant un syst\u00e8me de traitement et de r\u00e9utilisation des eaux us\u00e9es \u00ab\u00a0\u00e9cologique\u00a0\u00bb, \u00ab\u00a0abordable\u00a0\u00bb, \u00ab\u00a0performant\u00a0\u00bb et parfaitement adapt\u00e9 aux zones rurales. Baptis\u00e9e \u00ab\u00a0Green Watech\u00a0\u00bb, cette [&hellip;]<\/p>\n","protected":false},"author":1788,"featured_media":0,"comment_status":"closed","ping_status":"closed","sticky":false,"template":"","format":"standard","meta":{"fifu_image_url":"","fifu_image_alt":"","footnotes":""},"categories":[54,76],"tags":[],"class_list":["post-113757","post","type-post","status-publish","format-standard","hentry","category-maroc","category-regions"],"_links":{"self":[{"href":"https:\/\/linitiative.ca\/International\/wp-json\/wp\/v2\/posts\/113757","targetHints":{"allow":["GET"]}}],"collection":[{"href":"https:\/\/linitiative.ca\/International\/wp-json\/wp\/v2\/posts"}],"about":[{"href":"https:\/\/linitiative.ca\/International\/wp-json\/wp\/v2\/types\/post"}],"author":[{"embeddable":true,"href":"https:\/\/linitiative.ca\/International\/wp-json\/wp\/v2\/users\/1788"}],"replies":[{"embeddable":true,"href":"https:\/\/linitiative.ca\/International\/wp-json\/wp\/v2\/comments?post=113757"}],"version-history":[{"count":0,"href":"https:\/\/linitiative.ca\/International\/wp-json\/wp\/v2\/posts\/113757\/revisions"}],"wp:attachment":[{"href":"https:\/\/linitiative.ca\/International\/wp-json\/wp\/v2\/media?parent=113757"}],"wp:term":[{"taxonomy":"category","embeddable":true,"href":"https:\/\/linitiative.ca\/International\/wp-json\/wp\/v2\/categories?post=113757"},{"taxonomy":"post_tag","embeddable":true,"href":"https:\/\/linitiative.ca\/International\/wp-json\/wp\/v2\/tags?post=113757"}],"curies":[{"name":"wp","href":"https:\/\/api.w.org\/{rel}","templated":true}]}}