{"id":113759,"date":"2021-03-26T13:12:47","date_gmt":"2021-03-26T17:12:47","guid":{"rendered":"https:\/\/linitiative.ca\/International\/le-centre-cap-digital-ouvre-ses-portes-aux-jeunes-de-tassoultante\/"},"modified":"2021-03-26T13:12:47","modified_gmt":"2021-03-26T17:12:47","slug":"le-centre-cap-digital-ouvre-ses-portes-aux-jeunes-de-tassoultante","status":"publish","type":"post","link":"https:\/\/linitiative.ca\/International\/le-centre-cap-digital-ouvre-ses-portes-aux-jeunes-de-tassoultante\/","title":{"rendered":"Le Centre \u00ab\u00a0Cap Digital\u00a0\u00bb ouvre ses portes aux jeunes de Tassoultante"},"content":{"rendered":"<div readability=\"36\">\n<p>Marrakech \u2013 Le Centre Informatique \u00ab\u00a0Cap Digital\u00a0\u00bb, qui s\u2019inscrit dans le cadre du projet pilote du \u00ab\u00a0Douar en vie\u00a0\u00bb au douar Sraghna relevant de la commune de Tassoultante \u00e0 Marrakech, a pu r\u00e9cemment ouvrir ses portes aux jeunes et aux \u00e9tudiants b\u00e9n\u00e9ficiaires.<\/p>\n<\/div>\n<div readability=\"159\">\n<p>Ainsi, pas moins de quarante \u00e9l\u00e8ves se sont inscrits d\u00e8s la premi\u00e8re semaine aux cours d\u2019informatique assur\u00e9s par deux ing\u00e9nieurs b\u00e9n\u00e9voles dudit Centre, soutenu par Cap Gemini Maroc et \u00e9quip\u00e9 d\u2019une dizaine d\u2019ordinateurs, selon un communiqu\u00e9 de l\u2019association Mekkil\u2019, qui \u0153uvre pour la protection de la m\u00e8re et de l\u2019enfant dans le monde rural.<\/p>\n<p>\u00ab\u00a0Cap Digital\u00a0\u00bb offre, d\u00e9sormais, une connexion aux \u00e9l\u00e8ves pour suivre les cours \u00e0 distance, l\u2019un des probl\u00e8mes majeurs auxquels doivent faire face de nombreux jeunes en zone rurale durant la pand\u00e9mie du Covid-19, pr\u00e9cise la m\u00eame source.<\/p>\n<p>Ce dispositif, poursuit l\u2019Association Mekkil, fait suite \u00e0 l\u2019op\u00e9ration \u00ab\u00a0Recharges E-learning\u00a0\u00bb by Orange Maroc qui, d\u00e8s Avril 2020 avait fourni plus de 1.000 recharges data-phone \u00e0 l\u2019Association MekkiL\u2019 pour permettre aux jeunes de la commune de Tassoultante de poursuivre leurs \u00e9tudes en plein confinement.<\/p>\n<p>Orange Maroc vient de renouveler son soutien en fournissant de nouvelles recharges E-learning. Ainsi, les 150 jeunes b\u00e9n\u00e9ficiaires du projet resteront connect\u00e9s durant toute la p\u00e9riode de la pand\u00e9mie, tient \u00e0 expliquer la m\u00eame source, rappelant que l\u2019objectif est de lutter contre le d\u00e9crochage scolaire dans le rural, un ph\u00e9nom\u00e8ne social alarmant avec un co\u00fbt socio\u00e9conomique important pour l\u2019ensemble de la soci\u00e9t\u00e9.<\/p>\n<p>Parall\u00e8lement, l\u2019ONG vient de lancer le Centre de Formation MekkiL\u2019 (CFM) dont les cours hebdomadaires b\u00e9n\u00e9ficient \u00e0 208 jeunes \u00e9l\u00e8ves du village, mais \u00e9galement \u00e0 plus d\u2019une quarantaine de femmes.<\/p>\n<p>Le programme offre des cours de rattrapage pour tous les niveaux scolaires : cours de fran\u00e7ais, d\u2019informatique, d\u2019alphab\u00e9tisation, outre des sessions d\u2019orientation pour pr\u00e9parer le post-bac. Prochainement, une psychologue s\u2019adressera aux jeunes en difficult\u00e9.<\/p>\n<p>Dans ce cadre, le Centre pr\u00e9scolaire Fath accueille d\u00e9sormais tous les enfants du village, soit deux classes de 50 enfants, gr\u00e2ce \u00e0 la prise en charge par MekkiL\u2019 des institutrices qui vont b\u00e9n\u00e9ficier d\u2019une formation sp\u00e9cifique, lit-on dans le communiqu\u00e9.<\/p>\n<p>Par ailleurs, MekkiL\u2019 vient de signer un accord de partenariat avec l\u2019Institut Fran\u00e7ais de Marrakech (IFM) pour prendre en charge des sessions de fran\u00e7ais au profit des institutrices.<\/p>\n<p>Les activit\u00e9s culturelles de l\u2019IFM accueilleront prochainement des groupes de jeunes du Douar, afin d\u2019\u00e9veiller leur curiosit\u00e9, de d\u00e9velopper de nouveaux centres d\u2019int\u00e9r\u00eat, de d\u00e9tecter de nouveaux talents mais surtout, de leur permettre de sortir de leur quotidien et d\u2019int\u00e9grer de nouveaux environnements.<\/p>\n<p>Dans le m\u00eame esprit, la Fondation D\u00e9cathlon, partenaire strat\u00e9gique de \u00ab Douars en vie \u00bb, a d\u2019ores et d\u00e9j\u00e0 commenc\u00e9 des stages de formation des jeunes dans ses magasins, poursuit la m\u00eame source.<\/p>\n<p>\u00c9quip\u00e9s de kits de maintenance et maitrisant les techniques d\u2019entretiens, les 50 b\u00e9n\u00e9ficiaires des v\u00e9los B\u2019Twin sont devenus totalement autonomes pour utiliser et remettre en \u00e9tat leurs v\u00e9los qui leur permettent de rejoindre leurs \u00e9tablissements scolaires parfois, \u00e0 plusieurs dizaines de kilom\u00e8tres de leur domicile.<\/p>\n<p>Avec l\u2019engagement de la Fondation D\u00e9cathlon, ce sont tous les jeunes du douar qui vont b\u00e9n\u00e9ficier d\u2019une pratique sportive qui va de parcours cyclistes quotidiens, aux terrains de sport et aires de jeux, etc.<\/p>\n<p>Enfin, pour la premi\u00e8re fois au Maroc, une entreprise, D\u00e9cathlon, s\u2019engage dans la lutte contre le gaspillage des produits jet\u00e9s, invendus et l\u00e9g\u00e8rement d\u00e9fectueux.<\/p>\n<p>MekkiL\u2019, rappelle-t-on, est la premi\u00e8re ONG b\u00e9n\u00e9ficiaire de ces produits qui sont remis aux populations des zones froides et recul\u00e9es de la Vall\u00e9e de l\u2019Ourika, aux jeunes des orphelinats de la r\u00e9gion, aux maisons d\u2019accueil de femmes enceintes ou encore aux jeunes des douars pour une meilleure pratique du sport. Ces produits, parfaitement utilisables, peuvent avoir une valeur consid\u00e9rable.<\/p>\n<p>Ainsi, en France, plus de 650 millions d\u2019euros de produits non alimentaires neufs ou invendus sont jet\u00e9s ou d\u00e9truits chaque ann\u00e9e.<\/p>\n<p>Le projet pilote \u00ab\u00a0Douars en vie\u00a0\u00bb, initi\u00e9 le 21 novembre dernier par l\u2019Association MekkiL\u2019, est un programme de cinq ans autour d\u2019une dynamique globale de soutien aux populations vuln\u00e9rables.<\/p>\n<p>Cinq th\u00e8mes : sant\u00e9, \u00e9ducation, \u00e9panouissement personnel, sport et environnement avec une attention particuli\u00e8re pour les enfants et les jeunes du village afin de leur fournir les acquis n\u00e9cessaires \u00e0 la pr\u00e9paration de leur avenir ainsi que pour les femmes pour encourager leur insertion sociale.<\/p>\n<\/div>\n<p>Auteur: Meriem IGASS<br \/>\n<a href=\"http:\/\/www.mapmarrakech.ma\/fr\/douars-en-vie-cap-digital-ouvre-ses-portes-aux-jeunes-de-tassoultante\/\">Cliquez ici pour lire l&rsquo;article depuis sa source.<\/a><\/p>\n","protected":false},"excerpt":{"rendered":"<p>Marrakech \u2013 Le Centre Informatique \u00ab\u00a0Cap Digital\u00a0\u00bb, qui s\u2019inscrit dans le cadre du projet pilote du \u00ab\u00a0Douar en vie\u00a0\u00bb au douar Sraghna relevant de la commune de Tassoultante \u00e0 Marrakech, a pu r\u00e9cemment ouvrir ses portes aux jeunes et aux \u00e9tudiants b\u00e9n\u00e9ficiaires. Ainsi, pas moins de quarante \u00e9l\u00e8ves se sont inscrits d\u00e8s la premi\u00e8re semaine [&hellip;]<\/p>\n","protected":false},"author":1788,"featured_media":0,"comment_status":"closed","ping_status":"closed","sticky":false,"template":"","format":"standard","meta":{"fifu_image_url":"","fifu_image_alt":"","footnotes":""},"categories":[54,76],"tags":[],"class_list":["post-113759","post","type-post","status-publish","format-standard","hentry","category-maroc","category-regions"],"_links":{"self":[{"href":"https:\/\/linitiative.ca\/International\/wp-json\/wp\/v2\/posts\/113759","targetHints":{"allow":["GET"]}}],"collection":[{"href":"https:\/\/linitiative.ca\/International\/wp-json\/wp\/v2\/posts"}],"about":[{"href":"https:\/\/linitiative.ca\/International\/wp-json\/wp\/v2\/types\/post"}],"author":[{"embeddable":true,"href":"https:\/\/linitiative.ca\/International\/wp-json\/wp\/v2\/users\/1788"}],"replies":[{"embeddable":true,"href":"https:\/\/linitiative.ca\/International\/wp-json\/wp\/v2\/comments?post=113759"}],"version-history":[{"count":0,"href":"https:\/\/linitiative.ca\/International\/wp-json\/wp\/v2\/posts\/113759\/revisions"}],"wp:attachment":[{"href":"https:\/\/linitiative.ca\/International\/wp-json\/wp\/v2\/media?parent=113759"}],"wp:term":[{"taxonomy":"category","embeddable":true,"href":"https:\/\/linitiative.ca\/International\/wp-json\/wp\/v2\/categories?post=113759"},{"taxonomy":"post_tag","embeddable":true,"href":"https:\/\/linitiative.ca\/International\/wp-json\/wp\/v2\/tags?post=113759"}],"curies":[{"name":"wp","href":"https:\/\/api.w.org\/{rel}","templated":true}]}}