{"id":113760,"date":"2021-03-25T18:04:29","date_gmt":"2021-03-25T22:04:29","guid":{"rendered":"https:\/\/linitiative.ca\/International\/des-realisations-a-fort-impact-dans-leducation-et-la-sante-en-milieu-rural\/"},"modified":"2021-03-25T18:04:29","modified_gmt":"2021-03-25T22:04:29","slug":"des-realisations-a-fort-impact-dans-leducation-et-la-sante-en-milieu-rural","status":"publish","type":"post","link":"https:\/\/linitiative.ca\/International\/des-realisations-a-fort-impact-dans-leducation-et-la-sante-en-milieu-rural\/","title":{"rendered":"Des r\u00e9alisations \u00e0 fort impact dans l\u2019\u00e9ducation et la sant\u00e9 en milieu rural"},"content":{"rendered":"<p><iframe loading=\"lazy\" width=\"1170\" height=\"658\" src=\"https:\/\/www.youtube.com\/embed\/uM8dAzT0TZ4?feature=oembed\" frameborder=\"0\" allow=\"accelerometer; autoplay; clipboard-write; encrypted-media; gyroscope; picture-in-picture\" allowfullscreen=\"allowfullscreen\">[embedded content]<\/iframe><\/p>\n<div class=\"single-post-excerpt post-excerpt-bc\" readability=\"35\">\n<p>D\u2019importants projets \u00e0 fort impact social ont \u00e9t\u00e9 r\u00e9alis\u00e9s au niveau de la province de Guercif \u00e0 la faveur du Programme de r\u00e9duction des disparit\u00e9s territoriales et sociales en milieu rural (PRDTS), en particulier dans les secteurs de la sant\u00e9 et de l\u2019\u00e9ducation.<\/p>\n<\/div>\n<p>Auteur: Soufiane ELAHMAR<br \/>\n<a href=\"http:\/\/www.mapoujda.ma\/fr\/des-realisations-a-fort-impact-dans-leducation-et-la-sante-en-milieu-rural-2\/\">Cliquez ici pour lire l&rsquo;article depuis sa source.<\/a><\/p>\n","protected":false},"excerpt":{"rendered":"<p>[embedded content] D\u2019importants projets \u00e0 fort impact social ont \u00e9t\u00e9 r\u00e9alis\u00e9s au niveau de la province de Guercif \u00e0 la faveur du Programme de r\u00e9duction des disparit\u00e9s territoriales et sociales en milieu rural (PRDTS), en particulier dans les secteurs de la sant\u00e9 et de l\u2019\u00e9ducation. Auteur: Soufiane ELAHMAR Cliquez ici pour lire l&rsquo;article depuis sa [&hellip;]<\/p>\n","protected":false},"author":1788,"featured_media":0,"comment_status":"closed","ping_status":"closed","sticky":false,"template":"","format":"standard","meta":{"fifu_image_url":"","fifu_image_alt":"","footnotes":""},"categories":[54,76],"tags":[],"class_list":["post-113760","post","type-post","status-publish","format-standard","hentry","category-maroc","category-regions"],"_links":{"self":[{"href":"https:\/\/linitiative.ca\/International\/wp-json\/wp\/v2\/posts\/113760","targetHints":{"allow":["GET"]}}],"collection":[{"href":"https:\/\/linitiative.ca\/International\/wp-json\/wp\/v2\/posts"}],"about":[{"href":"https:\/\/linitiative.ca\/International\/wp-json\/wp\/v2\/types\/post"}],"author":[{"embeddable":true,"href":"https:\/\/linitiative.ca\/International\/wp-json\/wp\/v2\/users\/1788"}],"replies":[{"embeddable":true,"href":"https:\/\/linitiative.ca\/International\/wp-json\/wp\/v2\/comments?post=113760"}],"version-history":[{"count":0,"href":"https:\/\/linitiative.ca\/International\/wp-json\/wp\/v2\/posts\/113760\/revisions"}],"wp:attachment":[{"href":"https:\/\/linitiative.ca\/International\/wp-json\/wp\/v2\/media?parent=113760"}],"wp:term":[{"taxonomy":"category","embeddable":true,"href":"https:\/\/linitiative.ca\/International\/wp-json\/wp\/v2\/categories?post=113760"},{"taxonomy":"post_tag","embeddable":true,"href":"https:\/\/linitiative.ca\/International\/wp-json\/wp\/v2\/tags?post=113760"}],"curies":[{"name":"wp","href":"https:\/\/api.w.org\/{rel}","templated":true}]}}