{"id":113761,"date":"2021-03-26T11:00:24","date_gmt":"2021-03-26T15:00:24","guid":{"rendered":"https:\/\/linitiative.ca\/International\/vaccins-anti-covid-le-maroc-a-assure-une-diversite-dapprovisionnement\/"},"modified":"2021-03-26T11:00:24","modified_gmt":"2021-03-26T15:00:24","slug":"vaccins-anti-covid-le-maroc-a-assure-une-diversite-dapprovisionnement","status":"publish","type":"post","link":"https:\/\/linitiative.ca\/International\/vaccins-anti-covid-le-maroc-a-assure-une-diversite-dapprovisionnement\/","title":{"rendered":"Vaccins anti-Covid: Le Maroc a assur\u00e9 une diversit\u00e9 d\u2019approvisionnement"},"content":{"rendered":"<p class=\"c4\">Le Maroc a assur\u00e9 une diversit\u00e9 d\u2019approvisionnement en vaccins anti-Covid 19 qui lui permettra d\u2019acqu\u00e9rir les doses n\u00e9cessaires pour poursuivre la campagne de vaccination dans les meilleures conditions, a affirm\u00e9 le directeur du laboratoire de biotechnologie \u00e0 la facult\u00e9 de m\u00e9decine et de pharmacie de Rabat,\u00a0Azeddine Ibrahimi.<\/p>\n<p class=\"c4\">\u00ab\u00a0Avec les autorisations d\u2019urgence attribu\u00e9es \u00e0 Astrazeneca-Inde, Astrazeneca-Cor\u00e9e du Sud, Sinopharm et Sputnik V, le Maroc a assur\u00e9 une diversit\u00e9 d\u2019approvisionnement qui permettra de ramener le maximum de doses\u00a0\u00bb, a expliqu\u00e9 M. Ibrahimi dans un entretien \u00e0 la cha\u00eene d\u2019information en continu de la MAP (M24).<\/p>\n<p class=\"c4\">Gr\u00e2ce \u00e0 son approche anticipative, le Royaume a jusqu\u2019\u00e0 pr\u00e9sent pu se procurer 8,5 millions de doses et, du coup, mener \u00e0 bien la premi\u00e8re phase de la campagne de vaccination, a rappel\u00e9 le professeur.<\/p>\n<p class=\"c4\">Depuis le d\u00e9but de la premi\u00e8re \u00e9tape de vaccination, le Maroc a vaccin\u00e9 plus de quatre millions de personnes, \u00ab\u00a0une \u00e9norme r\u00e9alisation\u00a0\u00bb, a-t-il estim\u00e9, relevant que les personnes \u00e2g\u00e9es de 60 ans et plus seront toutes vaccin\u00e9es et ne pourront alors plus d\u00e9velopper de cas s\u00e9v\u00e8res, alors que les -60 ans sont statistiquement moins touch\u00e9es par les sympt\u00f4mes graves. \u00ab\u00a0Ainsi, nous aurons entam\u00e9 la phase dite Covid-Lite\u00a0\u00bb, a-t-il dit, tout en insistant sur la \u00ab\u00a0responsabilit\u00e9 collective de garder ce pas d\u2019avance\u00a0\u00bb.<\/p>\n<p class=\"c4\">Gr\u00e2ce \u00e0 une approche anticipative, la situation du Maroc est plus confortable que la plupart des pays du monde, s\u2019est-t-il f\u00e9licit\u00e9, notant que\u00a0le plus important c\u2019est d\u2019\u00e9viter de se faire infecter afin d\u2019emp\u00eacher le virus de se multiplier.<\/p>\n<p class=\"c4\">De l\u2019avis de M. Ibrahimi, les gestes barri\u00e8res doivent \u00eatre maintenus et rigoureusement respect\u00e9s afin de consolider les acquis. Des gestes simples comme\u00a0le port du masque, la distanciation physique et le lavage r\u00e9gulier des mains avec du savon ou du gel hydroalcoolique sont, selon lui, \u00e0 m\u00eame de limiter la propagation du virus, en attendant l\u2019acquisition des doses n\u00e9cessaires et la vaccination de tous les citoyens marocains et \u00e9trangers de plus de 17 ans.<\/p>\n<p class=\"c4\">\u00ab\u00a0Avec ces simples gestes citoyens, nous \u00e9viterons les mutations et l\u2019apparition de nouveaux variants pour, enfin, crier victoire\u00a0\u00bb, a-t-il conclu.<\/p>\n<p class=\"c4\">Selon le minist\u00e8re de la Sant\u00e9, le Maroc qui a r\u00e9ceptionn\u00e9 jusqu\u2019\u00e0 pr\u00e9sent un total de 8,5 millions de doses occupe la premi\u00e8re place en Afrique en mati\u00e8re de vaccination contre la pand\u00e9mie. Pr\u00e8s de 95% des doses de vaccins anti-Covid inject\u00e9es dans le continent africain ont \u00e9t\u00e9 administr\u00e9es dans le Royaume.<\/p>\n<p class=\"c4\">Le\u00a0nombre des personnes qui ont \u00e9t\u00e9 vaccin\u00e9es jusqu\u2019au 25 mars (dose 1) a atteint\u00a04.289.281, alors que 3.071.117 personnes ont re\u00e7u la deuxi\u00e8me dose du vaccin.<\/p>\n<p>Auteur: Soufiane ELAHMAR<br \/>\n<a href=\"http:\/\/www.mapoujda.ma\/fr\/vaccins-anti-covid-le-maroc-a-assure-une-diversite-dapprovisionnement\/\">Cliquez ici pour lire l&rsquo;article depuis sa source.<\/a><\/p>\n","protected":false},"excerpt":{"rendered":"<p>Le Maroc a assur\u00e9 une diversit\u00e9 d\u2019approvisionnement en vaccins anti-Covid 19 qui lui permettra d\u2019acqu\u00e9rir les doses n\u00e9cessaires pour poursuivre la campagne de vaccination dans les meilleures conditions, a affirm\u00e9 le directeur du laboratoire de biotechnologie \u00e0 la facult\u00e9 de m\u00e9decine et de pharmacie de Rabat,\u00a0Azeddine Ibrahimi. \u00ab\u00a0Avec les autorisations d\u2019urgence attribu\u00e9es \u00e0 Astrazeneca-Inde, Astrazeneca-Cor\u00e9e [&hellip;]<\/p>\n","protected":false},"author":1788,"featured_media":0,"comment_status":"closed","ping_status":"closed","sticky":false,"template":"","format":"standard","meta":{"fifu_image_url":"","fifu_image_alt":"","footnotes":""},"categories":[54,76],"tags":[],"class_list":["post-113761","post","type-post","status-publish","format-standard","hentry","category-maroc","category-regions"],"_links":{"self":[{"href":"https:\/\/linitiative.ca\/International\/wp-json\/wp\/v2\/posts\/113761","targetHints":{"allow":["GET"]}}],"collection":[{"href":"https:\/\/linitiative.ca\/International\/wp-json\/wp\/v2\/posts"}],"about":[{"href":"https:\/\/linitiative.ca\/International\/wp-json\/wp\/v2\/types\/post"}],"author":[{"embeddable":true,"href":"https:\/\/linitiative.ca\/International\/wp-json\/wp\/v2\/users\/1788"}],"replies":[{"embeddable":true,"href":"https:\/\/linitiative.ca\/International\/wp-json\/wp\/v2\/comments?post=113761"}],"version-history":[{"count":0,"href":"https:\/\/linitiative.ca\/International\/wp-json\/wp\/v2\/posts\/113761\/revisions"}],"wp:attachment":[{"href":"https:\/\/linitiative.ca\/International\/wp-json\/wp\/v2\/media?parent=113761"}],"wp:term":[{"taxonomy":"category","embeddable":true,"href":"https:\/\/linitiative.ca\/International\/wp-json\/wp\/v2\/categories?post=113761"},{"taxonomy":"post_tag","embeddable":true,"href":"https:\/\/linitiative.ca\/International\/wp-json\/wp\/v2\/tags?post=113761"}],"curies":[{"name":"wp","href":"https:\/\/api.w.org\/{rel}","templated":true}]}}