{"id":113763,"date":"2021-03-26T08:42:18","date_gmt":"2021-03-26T12:42:18","guid":{"rendered":"https:\/\/linitiative.ca\/International\/entrepreneuriat-a-marrakech-la-cgem-et-le-men-vont-creer-un-institut\/"},"modified":"2021-03-26T08:42:18","modified_gmt":"2021-03-26T12:42:18","slug":"entrepreneuriat-a-marrakech-la-cgem-et-le-men-vont-creer-un-institut","status":"publish","type":"post","link":"https:\/\/linitiative.ca\/International\/entrepreneuriat-a-marrakech-la-cgem-et-le-men-vont-creer-un-institut\/","title":{"rendered":"Entrepreneuriat \u00e0 Marrakech : la CGEM et le MEN vont cr\u00e9er un institut"},"content":{"rendered":"<p class=\"rtejustify\">Le minist\u00e8re de l\u2019Education nationale et la CGEM ont sign\u00e9 le 26 mars une convention de partenariat pour la cr\u00e9ation d\u2019un institut de formation \u00e0 l&rsquo;entrepreneuriat et au Management des TPME \u00e0 Marrakech.<\/p>\n<p class=\"rtejustify\">C\u2019est le deuxi\u00e8me institut port\u00e9 par la CGEM et le Minist\u00e8re pour la promotion de l\u2019entrepreneuriat. L\u2019objectif \u00e9tant de renforcer l\u2019ad\u00e9quation formation-emploi et la professionnalisation des jeunes travailleurs dans l\u2019informel ou en recherche d\u2019emploi, indique Chakib Alj, pr\u00e9sident de la CGEM.<\/p>\n<p class=\"rtejustify\"><em>B.B<\/em><\/p>\n<p class=\"rtejustify\">\u00a0<\/p>\n<p>Auteur: mbasraoui<br \/>\n<a href=\"https:\/\/www.leconomiste.com\/flash-infos\/entrepreneuriat-marrakech-la-cgem-et-le-men-vont-creer-un-institut\">Cliquez ici pour lire l&rsquo;article depuis sa source.<\/a><\/p>\n","protected":false},"excerpt":{"rendered":"<p>Le minist\u00e8re de l\u2019Education nationale et la CGEM ont sign\u00e9 le 26 mars une convention de partenariat pour la cr\u00e9ation d\u2019un institut de formation \u00e0 l&rsquo;entrepreneuriat et au Management des TPME \u00e0 Marrakech. C\u2019est le deuxi\u00e8me institut port\u00e9 par la CGEM et le Minist\u00e8re pour la promotion de l\u2019entrepreneuriat. L\u2019objectif \u00e9tant de renforcer l\u2019ad\u00e9quation formation-emploi [&hellip;]<\/p>\n","protected":false},"author":1763,"featured_media":0,"comment_status":"closed","ping_status":"closed","sticky":false,"template":"","format":"standard","meta":{"fifu_image_url":"","fifu_image_alt":"","footnotes":""},"categories":[78,54],"tags":[],"class_list":["post-113763","post","type-post","status-publish","format-standard","hentry","category-economie","category-maroc"],"_links":{"self":[{"href":"https:\/\/linitiative.ca\/International\/wp-json\/wp\/v2\/posts\/113763","targetHints":{"allow":["GET"]}}],"collection":[{"href":"https:\/\/linitiative.ca\/International\/wp-json\/wp\/v2\/posts"}],"about":[{"href":"https:\/\/linitiative.ca\/International\/wp-json\/wp\/v2\/types\/post"}],"author":[{"embeddable":true,"href":"https:\/\/linitiative.ca\/International\/wp-json\/wp\/v2\/users\/1763"}],"replies":[{"embeddable":true,"href":"https:\/\/linitiative.ca\/International\/wp-json\/wp\/v2\/comments?post=113763"}],"version-history":[{"count":0,"href":"https:\/\/linitiative.ca\/International\/wp-json\/wp\/v2\/posts\/113763\/revisions"}],"wp:attachment":[{"href":"https:\/\/linitiative.ca\/International\/wp-json\/wp\/v2\/media?parent=113763"}],"wp:term":[{"taxonomy":"category","embeddable":true,"href":"https:\/\/linitiative.ca\/International\/wp-json\/wp\/v2\/categories?post=113763"},{"taxonomy":"post_tag","embeddable":true,"href":"https:\/\/linitiative.ca\/International\/wp-json\/wp\/v2\/tags?post=113763"}],"curies":[{"name":"wp","href":"https:\/\/api.w.org\/{rel}","templated":true}]}}