{"id":113764,"date":"2021-03-26T09:10:33","date_gmt":"2021-03-26T13:10:33","guid":{"rendered":"https:\/\/linitiative.ca\/International\/total-maroc-resultat-net-en-repli\/"},"modified":"2021-03-26T09:10:33","modified_gmt":"2021-03-26T13:10:33","slug":"total-maroc-resultat-net-en-repli","status":"publish","type":"post","link":"https:\/\/linitiative.ca\/International\/total-maroc-resultat-net-en-repli\/","title":{"rendered":"Total Maroc: R\u00e9sultat net en repli"},"content":{"rendered":"<p class=\"rtejustify\">Total Maroc a r\u00e9alis\u00e9 un r\u00e9sultat net consolid\u00e9 de 451 millions de dirhams (MDH) \u00e0 fin d\u00e9cembre 2020, en repli de 25% par rapport \u00e0 la m\u00eame p\u00e9riode de 2019.<\/p>\n<p class=\"rtejustify\">\u00ab\u00a0Les r\u00e9sultats 2020 ont \u00e9t\u00e9 fortement impact\u00e9s par les deux crises majeures de l&rsquo;ann\u00e9e, celle de la pand\u00e9mie de la Covid-19 ayant entrain\u00e9 une baisse importante de la demande des produits p\u00e9troliers et celles des march\u00e9s p\u00e9troliers ayant conduit \u00e0 une forte d\u00e9pr\u00e9ciation de la valeur des stocks\u00a0\u00bb, explique Total Maroc dans un communiqu\u00e9 sur ses r\u00e9sultats annuels 2020.<\/p>\n<p class=\"rtejustify\">Le chiffre d&rsquo;affaires consolid\u00e9 s&rsquo;est \u00e9tabli \u00e0 8,824 milliards de dirhams (MMDH) \u00e0 fin 2020, ajoute la m\u00eame source. En social, le r\u00e9sultat net de Total Maroc a accus\u00e9 une baisse de 32% \u00e0 439 MDH. \u00ab\u00a0Total Maroc Maroc continue de contribuer \u00e0 l&rsquo;ambition du groupe Total de devenir la major de l&rsquo;\u00e9nergie responsable, en r\u00e9duisant notamment les \u00e9missions de gaz \u00e0 effet de serre issues des ses activit\u00e9s\u00a0\u00bb, souligne le Groupe, relevant qu&rsquo;\u00e0 fin 2020, 70 stations sont solaris\u00e9es, et 17 stations \u00e9quip\u00e9es de bornes de recharge pour v\u00e9hicules \u00e9lectriques contribuent \u00e0 l&rsquo;atteinte de cet objectif et \u00e0 l&rsquo;acc\u00e9l\u00e9ration du d\u00e9veloppement de la mobilit\u00e9 \u00e9lectrique dans le pays.<\/p>\n<p class=\"rtejustify\">\u00a0<\/p>\n<p>Auteur: mbasraoui<br \/>\n<a href=\"https:\/\/www.leconomiste.com\/flash-infos\/total-maroc-resultat-net-en-repli\">Cliquez ici pour lire l&rsquo;article depuis sa source.<\/a><\/p>\n","protected":false},"excerpt":{"rendered":"<p>Total Maroc a r\u00e9alis\u00e9 un r\u00e9sultat net consolid\u00e9 de 451 millions de dirhams (MDH) \u00e0 fin d\u00e9cembre 2020, en repli de 25% par rapport \u00e0 la m\u00eame p\u00e9riode de 2019. \u00ab\u00a0Les r\u00e9sultats 2020 ont \u00e9t\u00e9 fortement impact\u00e9s par les deux crises majeures de l&rsquo;ann\u00e9e, celle de la pand\u00e9mie de la Covid-19 ayant entrain\u00e9 une baisse [&hellip;]<\/p>\n","protected":false},"author":1763,"featured_media":0,"comment_status":"closed","ping_status":"closed","sticky":false,"template":"","format":"standard","meta":{"fifu_image_url":"","fifu_image_alt":"","footnotes":""},"categories":[78,54],"tags":[],"class_list":["post-113764","post","type-post","status-publish","format-standard","hentry","category-economie","category-maroc"],"_links":{"self":[{"href":"https:\/\/linitiative.ca\/International\/wp-json\/wp\/v2\/posts\/113764","targetHints":{"allow":["GET"]}}],"collection":[{"href":"https:\/\/linitiative.ca\/International\/wp-json\/wp\/v2\/posts"}],"about":[{"href":"https:\/\/linitiative.ca\/International\/wp-json\/wp\/v2\/types\/post"}],"author":[{"embeddable":true,"href":"https:\/\/linitiative.ca\/International\/wp-json\/wp\/v2\/users\/1763"}],"replies":[{"embeddable":true,"href":"https:\/\/linitiative.ca\/International\/wp-json\/wp\/v2\/comments?post=113764"}],"version-history":[{"count":0,"href":"https:\/\/linitiative.ca\/International\/wp-json\/wp\/v2\/posts\/113764\/revisions"}],"wp:attachment":[{"href":"https:\/\/linitiative.ca\/International\/wp-json\/wp\/v2\/media?parent=113764"}],"wp:term":[{"taxonomy":"category","embeddable":true,"href":"https:\/\/linitiative.ca\/International\/wp-json\/wp\/v2\/categories?post=113764"},{"taxonomy":"post_tag","embeddable":true,"href":"https:\/\/linitiative.ca\/International\/wp-json\/wp\/v2\/tags?post=113764"}],"curies":[{"name":"wp","href":"https:\/\/api.w.org\/{rel}","templated":true}]}}