{"id":113765,"date":"2021-03-26T11:50:36","date_gmt":"2021-03-26T15:50:36","guid":{"rendered":"https:\/\/linitiative.ca\/International\/rabat-le-lycee-descartes-passe-a-lenseignement-a-distance\/"},"modified":"2021-03-26T11:50:36","modified_gmt":"2021-03-26T15:50:36","slug":"rabat-le-lycee-descartes-passe-a-lenseignement-a-distance","status":"publish","type":"post","link":"https:\/\/linitiative.ca\/International\/rabat-le-lycee-descartes-passe-a-lenseignement-a-distance\/","title":{"rendered":"Rabat : Le lyc\u00e9e Descartes passe \u00e0 l\u2019enseignement \u00e0 distance"},"content":{"rendered":"<p class=\"rtejustify\">Le lyc\u00e9e Descartes de Rabat passe \u00e0 l\u2019enseignement \u00e0 distance \u00e0 partir du samedi 27 mars jusqu\u2019\u00e0 nouvel ordre, annonce la direction de l\u2019\u00e9tablissement \u00e0 travers une lettre aux parents des \u00e9l\u00e8ves.<\/p>\n<p class=\"rtejustify\">Une d\u00e9cision prise en collaboration avec les autorit\u00e9s marocaines, en raison d\u2019une augmentation r\u00e9cente, en moins de 24 heures, des cas positifs d\u2019infection \u00e0 la Covid-19 parmi les \u00e9l\u00e8ves de l\u2019\u00e9tablissement et au nombre important des cas contacts qui en d\u00e9coulent, est-il pr\u00e9cis\u00e9.<\/p>\n<p class=\"rtejustify\">Le retour \u00e0 un enseignement en pr\u00e9sentiel avec alternance par journ\u00e9e sera possible d\u00e8s que les conditions sanitaires le permettront \u00e0 nouveau, rappelle la direction de l\u2019\u00e9tablissement.<\/p>\n<p class=\"rtejustify\"><em>N.E.A.<\/em><\/p>\n<p class=\"rtejustify\">\u00a0<\/p>\n<p class=\"rtejustify\">\u00a0<\/p>\n<p>Auteur: mbasraoui<br \/>\n<a href=\"https:\/\/www.leconomiste.com\/flash-infos\/rabat-le-lycee-descartes-passe-l-enseignement-distance\">Cliquez ici pour lire l&rsquo;article depuis sa source.<\/a><\/p>\n","protected":false},"excerpt":{"rendered":"<p>Le lyc\u00e9e Descartes de Rabat passe \u00e0 l\u2019enseignement \u00e0 distance \u00e0 partir du samedi 27 mars jusqu\u2019\u00e0 nouvel ordre, annonce la direction de l\u2019\u00e9tablissement \u00e0 travers une lettre aux parents des \u00e9l\u00e8ves. Une d\u00e9cision prise en collaboration avec les autorit\u00e9s marocaines, en raison d\u2019une augmentation r\u00e9cente, en moins de 24 heures, des cas positifs d\u2019infection [&hellip;]<\/p>\n","protected":false},"author":1763,"featured_media":0,"comment_status":"closed","ping_status":"closed","sticky":false,"template":"","format":"standard","meta":{"fifu_image_url":"","fifu_image_alt":"","footnotes":""},"categories":[78,54],"tags":[],"class_list":["post-113765","post","type-post","status-publish","format-standard","hentry","category-economie","category-maroc"],"_links":{"self":[{"href":"https:\/\/linitiative.ca\/International\/wp-json\/wp\/v2\/posts\/113765","targetHints":{"allow":["GET"]}}],"collection":[{"href":"https:\/\/linitiative.ca\/International\/wp-json\/wp\/v2\/posts"}],"about":[{"href":"https:\/\/linitiative.ca\/International\/wp-json\/wp\/v2\/types\/post"}],"author":[{"embeddable":true,"href":"https:\/\/linitiative.ca\/International\/wp-json\/wp\/v2\/users\/1763"}],"replies":[{"embeddable":true,"href":"https:\/\/linitiative.ca\/International\/wp-json\/wp\/v2\/comments?post=113765"}],"version-history":[{"count":0,"href":"https:\/\/linitiative.ca\/International\/wp-json\/wp\/v2\/posts\/113765\/revisions"}],"wp:attachment":[{"href":"https:\/\/linitiative.ca\/International\/wp-json\/wp\/v2\/media?parent=113765"}],"wp:term":[{"taxonomy":"category","embeddable":true,"href":"https:\/\/linitiative.ca\/International\/wp-json\/wp\/v2\/categories?post=113765"},{"taxonomy":"post_tag","embeddable":true,"href":"https:\/\/linitiative.ca\/International\/wp-json\/wp\/v2\/tags?post=113765"}],"curies":[{"name":"wp","href":"https:\/\/api.w.org\/{rel}","templated":true}]}}