{"id":113766,"date":"2021-03-26T13:16:10","date_gmt":"2021-03-26T17:16:10","guid":{"rendered":"https:\/\/linitiative.ca\/International\/covid-19-514-nouveaux-cas-et-429-millions-de-vaccines\/"},"modified":"2021-03-26T13:16:10","modified_gmt":"2021-03-26T17:16:10","slug":"covid-19-514-nouveaux-cas-et-429-millions-de-vaccines","status":"publish","type":"post","link":"https:\/\/linitiative.ca\/International\/covid-19-514-nouveaux-cas-et-429-millions-de-vaccines\/","title":{"rendered":"Covid-19: 514 nouveaux cas et 4,29 millions de vaccin\u00e9s"},"content":{"rendered":"<p class=\"rtejustify\">Un total de <strong><span class=\"c4\">514\u00a0<\/span><\/strong>nouveaux cas d&rsquo;infection au coronavirus et de <strong><span class=\"c4\">523\u00a0<\/span><\/strong>gu\u00e9risons a \u00e9t\u00e9 enregistr\u00e9 au cours des derni\u00e8res 24 heures au Maroc, a annonc\u00e9 vendredi le minist\u00e8re de la Sant\u00e9.<\/p>\n<p class=\"rtejustify\">Le nombre des personnes qui ont \u00e9t\u00e9 vaccin\u00e9es \u00e0 ce jour (dose 1) a atteint <strong><span class=\"c4\">4.293.544<\/span><\/strong>, alors que <strong><span class=\"c4\">3.231.742\u00a0<\/span><\/strong>personnes ont re\u00e7u la deuxi\u00e8me dose du vaccin, a pr\u00e9cis\u00e9 le minist\u00e8re dans son bulletin quotidien sur la situation de la Covid-19.<\/p>\n<p class=\"rtejustify\">Le nouveau bilan porte \u00e0 <strong><span class=\"c4\">493.867\u00a0<\/span><\/strong>le nombre total des contaminations depuis le premier cas signal\u00e9 en mars dernier, tandis que le nombre des personnes r\u00e9tablies est pass\u00e9 \u00e0 <span class=\"c4\">481.597<\/span>, avec <strong><span class=\"c4\">523<\/span><\/strong> nouvelles <span class=\"c5\">gu\u00e9risons<\/span>\u00a0recens\u00e9s en 24 heures, soit un taux de <strong>97,5%<\/strong>. Au total, <strong><span class=\"c4\">12.072\u00a0<\/span><\/strong>nouveaux tests ont \u00e9t\u00e9 r\u00e9alis\u00e9s.<\/p>\n<p class=\"rtejustify\">Le nombre total des d\u00e9c\u00e8s est pass\u00e9 \u00e0 <strong><span class=\"c4\">8.793<\/span><\/strong>, avec <strong>5<\/strong> nouveaux d\u00e9c\u00e8s en 24 heures, soit un taux de l\u00e9talit\u00e9 de <strong>1,8%<\/strong>.<\/p>\n<p class=\"rtejustify\">Le nombre des cas actifs s&rsquo;\u00e9l\u00e8ve \u00e0 <strong><span class=\"c4\">3.477<\/span><\/strong>, alors que les cas s\u00e9v\u00e8res ou critiques sont au nombre de <strong><span class=\"c4\">426<\/span><\/strong>, dont <strong>28\u00a0<\/strong>plac\u00e9s sous intubation.<\/p>\n<p class=\"rtejustify\">Par ailleurs, le taux d&rsquo;occupation des lits d\u00e9di\u00e9s au Covid-19 atteint <strong>13,5%<\/strong>.<\/p>\n<p class=\"rtejustify\">Les nouveaux cas d&rsquo;infection ont \u00e9t\u00e9 recens\u00e9s dans les r\u00e9gions de Casablanca-Settat (<span class=\"c4\">393<\/span>), Rabat-Sal\u00e9-K\u00e9nitra (<strong>39<\/strong>),\u00a0<span class=\"c5\">l&rsquo;Oriental (<\/span><strong><span class=\"c4\">20<\/span><\/strong><span class=\"c5\">),\u00a0Marrakech-Safi (<\/span><span class=\"c5\">16<\/span><span class=\"c5\">\u200b),\u00a0\u00a0Souss-Massa (<\/span><span class=\"c5\">13<\/span><span class=\"c5\">\u200b),\u00a0Dar\u00e2a-Tafilalet (<\/span><span class=\"c5\">8),\u00a0Dakhla-Oued Eddahab (<\/span><span class=\"c5\">7<\/span><span class=\"c5\">),\u00a0\u00a0<\/span>Tanger-T\u00e9touan-Al Hoceima (<strong>6<\/strong>),\u00a0<span class=\"c5\">La\u00e2youne-Sakia El Hamra (<\/span><strong class=\"c6\">5<\/strong><span class=\"c5\">), B\u00e9ni Mellal-Kh\u00e9nifra (<\/span><span class=\"c5\">4<\/span><span class=\"c5\">) et<\/span> F\u00e8s-Mekn\u00e8s (<strong>3<\/strong>).<\/p>\n<blockquote readability=\"4.75\">\n<p class=\"rtecenter\"><strong>Pour plus de d\u00e9tails, voir l&rsquo;\u00e9volution en temps r\u00e9el de l&rsquo;\u00e9pid\u00e9mie sur <a href=\"https:\/\/www.leconomiste.com\/covid19\/\">https:\/\/www.leconomiste.com\/covid19\/<\/a><\/strong><\/p>\n<\/blockquote>\n<p>Auteur: mbasraoui<br \/>\n<a href=\"https:\/\/www.leconomiste.com\/flash-infos\/covid-19-511-nouveaux-cas-et-plus-de-4-28-millions-de-vaccines\">Cliquez ici pour lire l&rsquo;article depuis sa source.<\/a><\/p>\n","protected":false},"excerpt":{"rendered":"<p>Un total de 514\u00a0nouveaux cas d&rsquo;infection au coronavirus et de 523\u00a0gu\u00e9risons a \u00e9t\u00e9 enregistr\u00e9 au cours des derni\u00e8res 24 heures au Maroc, a annonc\u00e9 vendredi le minist\u00e8re de la Sant\u00e9. Le nombre des personnes qui ont \u00e9t\u00e9 vaccin\u00e9es \u00e0 ce jour (dose 1) a atteint 4.293.544, alors que 3.231.742\u00a0personnes ont re\u00e7u la deuxi\u00e8me dose du [&hellip;]<\/p>\n","protected":false},"author":1763,"featured_media":0,"comment_status":"closed","ping_status":"closed","sticky":false,"template":"","format":"standard","meta":{"fifu_image_url":"","fifu_image_alt":"","footnotes":""},"categories":[78,54],"tags":[],"class_list":["post-113766","post","type-post","status-publish","format-standard","hentry","category-economie","category-maroc"],"_links":{"self":[{"href":"https:\/\/linitiative.ca\/International\/wp-json\/wp\/v2\/posts\/113766","targetHints":{"allow":["GET"]}}],"collection":[{"href":"https:\/\/linitiative.ca\/International\/wp-json\/wp\/v2\/posts"}],"about":[{"href":"https:\/\/linitiative.ca\/International\/wp-json\/wp\/v2\/types\/post"}],"author":[{"embeddable":true,"href":"https:\/\/linitiative.ca\/International\/wp-json\/wp\/v2\/users\/1763"}],"replies":[{"embeddable":true,"href":"https:\/\/linitiative.ca\/International\/wp-json\/wp\/v2\/comments?post=113766"}],"version-history":[{"count":0,"href":"https:\/\/linitiative.ca\/International\/wp-json\/wp\/v2\/posts\/113766\/revisions"}],"wp:attachment":[{"href":"https:\/\/linitiative.ca\/International\/wp-json\/wp\/v2\/media?parent=113766"}],"wp:term":[{"taxonomy":"category","embeddable":true,"href":"https:\/\/linitiative.ca\/International\/wp-json\/wp\/v2\/categories?post=113766"},{"taxonomy":"post_tag","embeddable":true,"href":"https:\/\/linitiative.ca\/International\/wp-json\/wp\/v2\/tags?post=113766"}],"curies":[{"name":"wp","href":"https:\/\/api.w.org\/{rel}","templated":true}]}}