{"id":113768,"date":"2021-03-26T15:14:12","date_gmt":"2021-03-26T19:14:12","guid":{"rendered":"https:\/\/linitiative.ca\/International\/international-real-madrid-benzema-etait-tout-proche-dun-transfert-xxl\/"},"modified":"2021-03-26T15:14:12","modified_gmt":"2021-03-26T19:14:12","slug":"international-real-madrid-benzema-etait-tout-proche-dun-transfert-xxl","status":"publish","type":"post","link":"https:\/\/linitiative.ca\/International\/international-real-madrid-benzema-etait-tout-proche-dun-transfert-xxl\/","title":{"rendered":"International : Real Madrid: Benzema \u00e9tait tout proche d&rsquo;un transfert XXL !"},"content":{"rendered":"<div readability=\"32\">\n<p>Auteur : <span class=\"time\">vendredi 26 mars 2021 12:58<\/span><\/p>\n<\/div>\n<div id=\"post_core\" readability=\"51\">\n<p>Apr\u00e8s douze saisons en tant que titulaire \u00e0 la pointe de l\u2019attaque, Karim Benzema a mis tout le monde d\u2019accord au Real Madrid. Son parcours ne s\u2019est pas fait sans emb\u00fbches mais le Fran\u00e7ais a toujours su tirer son \u00e9pingle du jeu. Malgr\u00e9 la concurrence (Gonzalo Higuain, Javier Hernandez, Mariano Diaz, Luka Jovic&#8230;), Benzema a su s\u2019imposer \u00e0 chaque fois. Le joueur de 33 ans a de quoi \u00eatre fier, apr\u00e8s avoir domin\u00e9 l\u2019Europe entre 2016 et 2018 aux c\u00f4t\u00e9s de Cristiano Ronaldo et Gareth Bale. Aujourd\u2019hui consid\u00e9r\u00e9 comme l\u2019homme fort de l\u2019attaque de Zin\u00e9dine Zidane (23 buts et 6 passes d\u00e9cisives en 32 matchs toutes comp\u00e9titions confondues), l\u2019ancien de l\u2019OL pourrait cependant faire ses valises. En fin de contrat en juin 2022, Benzema n&rsquo;a toujours pas prolong\u00e9 avec la Casa Blanca. Plus encore, il serait d\u00e9sir\u00e9 par Cristiano Ronaldo et la Juventus. Un nouvel int\u00e9r\u00eat de la Vieille Dame, qui s&rsquo;\u00e9tait d\u00e9j\u00e0 manifest\u00e9e pour l&rsquo;attaquant du Real Madrid par le pass\u00e9. En effet, Claudio Marchisio, invit\u00e9 du Cronache di Spogliatoio, a affirm\u00e9 que la Juventus s\u2019\u00e9tait int\u00e9ress\u00e9e \u00e0 Karim Benzema apr\u00e8s sa toute premi\u00e8re saison au Real Madrid, alors qu&rsquo;il avait eu du mal \u00e0 prouver toute l\u2019\u00e9tendue de son talent (seulement 9 buts et 6 passes d\u00e9cisives en 33 rencontres toutes comp\u00e9titions confondues) : \u00ab C&rsquo;est vrai, il \u00e9tait proche de la Juventus, l&rsquo;ann\u00e9e de Ciro Ferrara. Il n&rsquo;y arrivait pas avec le Real mais malheureusement il n&rsquo;est pas arriv\u00e9. Il y avait une possibilit\u00e9.\u00bbrapporte Le 10 Sport.<\/p>\n<p><strong>Publi\u00e9 dans :<\/strong> <span>benzema<\/span><\/p>\n<\/div>\n<p>Auteur:<br \/>\n<a href=\"http:\/\/www.lebuteur.com\/article\/detail?titre=real-madrid-benzema-etait-tout-proche-dun-transfert-xxl&#038;id=99520&#038;utm_source=feedburner&#038;utm_medium=feed&#038;utm_campaign=Feed%3A+GalerieFArtciles+%28Les+derniers+articles++-+lebuteur.com%29\">Cliquez ici pour lire l&rsquo;article depuis sa source.<\/a><\/p>\n","protected":false},"excerpt":{"rendered":"<p>Auteur : vendredi 26 mars 2021 12:58 Apr\u00e8s douze saisons en tant que titulaire \u00e0 la pointe de l\u2019attaque, Karim Benzema a mis tout le monde d\u2019accord au Real Madrid. Son parcours ne s\u2019est pas fait sans emb\u00fbches mais le Fran\u00e7ais a toujours su tirer son \u00e9pingle du jeu. Malgr\u00e9 la concurrence (Gonzalo Higuain, Javier [&hellip;]<\/p>\n","protected":false},"author":1738,"featured_media":0,"comment_status":"closed","ping_status":"closed","sticky":false,"template":"","format":"standard","meta":{"fifu_image_url":"\/\/cdn.lebuteur.com\/data\/images\/article\/thumbs\/large-real-madrid-benzema-etait-tout-proche-dun-transfert-xxl-82b41.jpg","fifu_image_alt":"International : Real Madrid: Benzema \u00e9tait tout proche d'un transfert XXL !","footnotes":""},"categories":[53,75],"tags":[],"class_list":["post-113768","post","type-post","status-publish","format-standard","hentry","category-algerie","category-sport"],"_links":{"self":[{"href":"https:\/\/linitiative.ca\/International\/wp-json\/wp\/v2\/posts\/113768","targetHints":{"allow":["GET"]}}],"collection":[{"href":"https:\/\/linitiative.ca\/International\/wp-json\/wp\/v2\/posts"}],"about":[{"href":"https:\/\/linitiative.ca\/International\/wp-json\/wp\/v2\/types\/post"}],"author":[{"embeddable":true,"href":"https:\/\/linitiative.ca\/International\/wp-json\/wp\/v2\/users\/1738"}],"replies":[{"embeddable":true,"href":"https:\/\/linitiative.ca\/International\/wp-json\/wp\/v2\/comments?post=113768"}],"version-history":[{"count":0,"href":"https:\/\/linitiative.ca\/International\/wp-json\/wp\/v2\/posts\/113768\/revisions"}],"wp:attachment":[{"href":"https:\/\/linitiative.ca\/International\/wp-json\/wp\/v2\/media?parent=113768"}],"wp:term":[{"taxonomy":"category","embeddable":true,"href":"https:\/\/linitiative.ca\/International\/wp-json\/wp\/v2\/categories?post=113768"},{"taxonomy":"post_tag","embeddable":true,"href":"https:\/\/linitiative.ca\/International\/wp-json\/wp\/v2\/tags?post=113768"}],"curies":[{"name":"wp","href":"https:\/\/api.w.org\/{rel}","templated":true}]}}