{"id":113769,"date":"2021-03-26T15:14:13","date_gmt":"2021-03-26T19:14:13","guid":{"rendered":"https:\/\/linitiative.ca\/International\/equipe-dalgerie-annonce-sur-le-depart-la-reponse-de-belmadi\/"},"modified":"2021-03-26T15:14:13","modified_gmt":"2021-03-26T19:14:13","slug":"equipe-dalgerie-annonce-sur-le-depart-la-reponse-de-belmadi","status":"publish","type":"post","link":"https:\/\/linitiative.ca\/International\/equipe-dalgerie-annonce-sur-le-depart-la-reponse-de-belmadi\/","title":{"rendered":"Equipe d&rsquo;Alg\u00e9rie : Annonc\u00e9 sur le d\u00e9part, la r\u00e9ponse de Belmadi"},"content":{"rendered":"<div readability=\"32\">\n<p>Auteur : <span class=\"time\">vendredi 26 mars 2021 17:42<\/span><\/p>\n<\/div>\n<div id=\"post_core\" readability=\"41\">\n<p>Annonc\u00e9 sur le d\u00e9part, apr\u00e8s la fin des \u00e9liminatoires de la prochaine CAN 2021, le s\u00e9lectionneur national a coup\u00e9 court aux rumeurs en affichant sa volont\u00e9 de poursuivre sa mission \u00e0 la t\u00eate des Verts: \u00ab\u00a0Je suis engag\u00e9 avec mon pays. C&rsquo;est un projet commun, dont j&rsquo;en fais partie. Il y a des joueurs et un environnement autour de nous, il faut que ce soit le plus sain possible, le plus propre possible. On voit que ce n\u2019est pas \u00e7a. Il ne faut pas prendre le peuple et l\u2019\u00e9quipe nationale en otage. Il faut faire attention. On se dirige vers les qualifications de la Coupe du Monde et cela n\u00e9cessite une synergie\u00a0\u00bb, a d\u00e9clar\u00e9 Belmadi \u00e0 la presse apr\u00e8s l&rsquo;arriv\u00e9e \u00e0 Alger de la s\u00e9lection nationale en provenance de Lusaka o\u00f9 elle avait fait match nul (3-3) avec son homologue zambienne.<\/p>\n<p><strong>Publi\u00e9 dans :<\/strong> <span>Belmadi<\/span><\/p>\n<\/div>\n<p>Auteur:<br \/>\n<a href=\"http:\/\/www.lebuteur.com\/article\/detail?titre=annonce-sur-le-depart-la-reponse-de-belmadi&#038;id=99521&#038;utm_source=feedburner&#038;utm_medium=feed&#038;utm_campaign=Feed%3A+GalerieFArtciles+%28Les+derniers+articles++-+lebuteur.com%29\">Cliquez ici pour lire l&rsquo;article depuis sa source.<\/a><\/p>\n","protected":false},"excerpt":{"rendered":"<p>Auteur : vendredi 26 mars 2021 17:42 Annonc\u00e9 sur le d\u00e9part, apr\u00e8s la fin des \u00e9liminatoires de la prochaine CAN 2021, le s\u00e9lectionneur national a coup\u00e9 court aux rumeurs en affichant sa volont\u00e9 de poursuivre sa mission \u00e0 la t\u00eate des Verts: \u00ab\u00a0Je suis engag\u00e9 avec mon pays. C&rsquo;est un projet commun, dont j&rsquo;en fais [&hellip;]<\/p>\n","protected":false},"author":1738,"featured_media":0,"comment_status":"closed","ping_status":"closed","sticky":false,"template":"","format":"standard","meta":{"fifu_image_url":"\/\/cdn.lebuteur.com\/data\/images\/article\/thumbs\/large-annonce-sur-le-depart-la-reponse-de-belmadi-dc942.jpg","fifu_image_alt":"Equipe d'Alg\u00e9rie : Annonc\u00e9 sur le d\u00e9part, la r\u00e9ponse de Belmadi","footnotes":""},"categories":[53,75],"tags":[],"class_list":["post-113769","post","type-post","status-publish","format-standard","hentry","category-algerie","category-sport"],"_links":{"self":[{"href":"https:\/\/linitiative.ca\/International\/wp-json\/wp\/v2\/posts\/113769","targetHints":{"allow":["GET"]}}],"collection":[{"href":"https:\/\/linitiative.ca\/International\/wp-json\/wp\/v2\/posts"}],"about":[{"href":"https:\/\/linitiative.ca\/International\/wp-json\/wp\/v2\/types\/post"}],"author":[{"embeddable":true,"href":"https:\/\/linitiative.ca\/International\/wp-json\/wp\/v2\/users\/1738"}],"replies":[{"embeddable":true,"href":"https:\/\/linitiative.ca\/International\/wp-json\/wp\/v2\/comments?post=113769"}],"version-history":[{"count":0,"href":"https:\/\/linitiative.ca\/International\/wp-json\/wp\/v2\/posts\/113769\/revisions"}],"wp:attachment":[{"href":"https:\/\/linitiative.ca\/International\/wp-json\/wp\/v2\/media?parent=113769"}],"wp:term":[{"taxonomy":"category","embeddable":true,"href":"https:\/\/linitiative.ca\/International\/wp-json\/wp\/v2\/categories?post=113769"},{"taxonomy":"post_tag","embeddable":true,"href":"https:\/\/linitiative.ca\/International\/wp-json\/wp\/v2\/tags?post=113769"}],"curies":[{"name":"wp","href":"https:\/\/api.w.org\/{rel}","templated":true}]}}