{"id":113770,"date":"2021-03-26T15:14:16","date_gmt":"2021-03-26T19:14:16","guid":{"rendered":"https:\/\/linitiative.ca\/International\/international-dortmund-un-nouveau-prix-pour-haland\/"},"modified":"2021-03-26T15:14:16","modified_gmt":"2021-03-26T19:14:16","slug":"international-dortmund-un-nouveau-prix-pour-haland","status":"publish","type":"post","link":"https:\/\/linitiative.ca\/International\/international-dortmund-un-nouveau-prix-pour-haland\/","title":{"rendered":"International : Dortmund : Un nouveau prix pour H\u00e5land ?"},"content":{"rendered":"<div readability=\"32\">\n<p>Auteur : <span class=\"time\">vendredi 26 mars 2021 18:00<\/span><\/p>\n<\/div>\n<div id=\"post_core\" readability=\"45\">\n<p>Alors qu\u2019une clause permettra aux courtisans du Norv\u00e9gien de le recruter pour 75 M\u20ac \u00e0 partir de juin 2022, le BvB a d\u00e9cid\u00e9 de revoir le prix de son attaquant \u00e0 la hausse, en vue du prochain mercato estival.<\/p>\n<p>Si les Marsupiaux r\u00e9clamaient jusque-l\u00e0 150 M\u20ac pour c\u00e9der le Scandinave, la direction de Dortmund exigerait maintenant plus de 180 M\u20ac pour H\u00e5land, d\u2019apr\u00e8s Maxifoot. Un montant r\u00e9solument dissuasif, encore plus dans ce contexte de pand\u00e9mie de Covid-19.<\/p>\n<p><strong>Publi\u00e9 dans :<\/strong> <span>Dortmund<\/span> <span>Haland<\/span><\/p>\n<\/div>\n<p>Auteur:<br \/>\n<a href=\"http:\/\/www.lebuteur.com\/article\/detail?titre=dortmund-un-nouveau-prix-pour-haland&#038;id=99522&#038;utm_source=feedburner&#038;utm_medium=feed&#038;utm_campaign=Feed%3A+GalerieFArtciles+%28Les+derniers+articles++-+lebuteur.com%29\">Cliquez ici pour lire l&rsquo;article depuis sa source.<\/a><\/p>\n","protected":false},"excerpt":{"rendered":"<p>Auteur : vendredi 26 mars 2021 18:00 Alors qu\u2019une clause permettra aux courtisans du Norv\u00e9gien de le recruter pour 75 M\u20ac \u00e0 partir de juin 2022, le BvB a d\u00e9cid\u00e9 de revoir le prix de son attaquant \u00e0 la hausse, en vue du prochain mercato estival. Si les Marsupiaux r\u00e9clamaient jusque-l\u00e0 150 M\u20ac pour c\u00e9der [&hellip;]<\/p>\n","protected":false},"author":1738,"featured_media":0,"comment_status":"closed","ping_status":"closed","sticky":false,"template":"","format":"standard","meta":{"fifu_image_url":"\/\/cdn.lebuteur.com\/data\/images\/article\/thumbs\/large-99522dortmund-un-nouveau-prix-pour-haland-b2f30.jpg","fifu_image_alt":"International : Dortmund : Un nouveau prix pour H\u00e5land ?","footnotes":""},"categories":[53,75],"tags":[],"class_list":["post-113770","post","type-post","status-publish","format-standard","hentry","category-algerie","category-sport"],"_links":{"self":[{"href":"https:\/\/linitiative.ca\/International\/wp-json\/wp\/v2\/posts\/113770","targetHints":{"allow":["GET"]}}],"collection":[{"href":"https:\/\/linitiative.ca\/International\/wp-json\/wp\/v2\/posts"}],"about":[{"href":"https:\/\/linitiative.ca\/International\/wp-json\/wp\/v2\/types\/post"}],"author":[{"embeddable":true,"href":"https:\/\/linitiative.ca\/International\/wp-json\/wp\/v2\/users\/1738"}],"replies":[{"embeddable":true,"href":"https:\/\/linitiative.ca\/International\/wp-json\/wp\/v2\/comments?post=113770"}],"version-history":[{"count":0,"href":"https:\/\/linitiative.ca\/International\/wp-json\/wp\/v2\/posts\/113770\/revisions"}],"wp:attachment":[{"href":"https:\/\/linitiative.ca\/International\/wp-json\/wp\/v2\/media?parent=113770"}],"wp:term":[{"taxonomy":"category","embeddable":true,"href":"https:\/\/linitiative.ca\/International\/wp-json\/wp\/v2\/categories?post=113770"},{"taxonomy":"post_tag","embeddable":true,"href":"https:\/\/linitiative.ca\/International\/wp-json\/wp\/v2\/tags?post=113770"}],"curies":[{"name":"wp","href":"https:\/\/api.w.org\/{rel}","templated":true}]}}