{"id":113775,"date":"2021-03-26T12:55:00","date_gmt":"2021-03-26T16:55:00","guid":{"rendered":"https:\/\/linitiative.ca\/International\/la-ruee-des-medecins-tunisiens-ce-weekend-vers-la-france-pour-les-epreuves-de-verification-des-connaissances\/"},"modified":"2021-03-26T12:55:00","modified_gmt":"2021-03-26T16:55:00","slug":"la-ruee-des-medecins-tunisiens-ce-weekend-vers-la-france-pour-les-epreuves-de-verification-des-connaissances","status":"publish","type":"post","link":"https:\/\/linitiative.ca\/International\/la-ruee-des-medecins-tunisiens-ce-weekend-vers-la-france-pour-les-epreuves-de-verification-des-connaissances\/","title":{"rendered":"La ru\u00e9e des m\u00e9decins tunisiens ce weekend vers la France, pour les \u00e9preuves de v\u00e9rification des connaissances"},"content":{"rendered":"<p>Les vols \u00e0 destination de Paris sont bond\u00e9s, ce vendredi. A bord, plusieurs dizaines de m\u00e9decins, de divers grades et diff\u00e9rentes sp\u00e9cialit\u00e9s qui partent subir, <a href=\"https:\/\/www.cng.sante.fr\/sites\/default\/files\/Fichiers\/Passer%20un%20concours\/Sp%C3%A9cialit%C3%A9s.pdf\" target=\"_blank\" rel=\"noopener\">\u00e0 partir de la semaine prochaine<\/a>, les \u00e9preuves de v\u00e9rification des connaissances (<a href=\"https:\/\/www.cng.sante.fr\/concours-examens\/epreuves-de-verification-connaissances-evc\" target=\"_blank\" rel=\"noopener\">EVC<\/a>). Cet examen s\u2019adresse aux praticiens des professions de m\u00e9decin, chirurgien-dentiste, sage-femme et pharmacien titulaires d\u2019un dipl\u00f4me obtenu en dehors de l\u2019Union europ\u00e9enne et permettant l\u2019exercice de leur profession dans le pays d\u2019obtention. La r\u00e9ussite est la premi\u00e8re \u00e9tape de la proc\u00e9dure d\u2019autorisation d\u2019exercice (PAE).<\/p>\n<p>Signe de forte demande fran\u00e7aise en personnel soignant \u00e9tranger pour renforcer les \u00e9quipes submerg\u00e9es et parer au manque dans de nombreuses localit\u00e9s, la session 2021 a \u00e9t\u00e9 maintenue malgr\u00e9 les prescriptions de confinement. Parmi les candidats tunisiens \u00e0 ces \u00e9preuves, se trouvent non-seulement de jeunes m\u00e9decins, mais aussi des assistants hospitalo-universitaires, des professeurs agr\u00e9g\u00e9s, voire des chefs de service, de toutes les r\u00e9gions\u2026<\/p>\n<p>A cette ru\u00e9e vers la France point \u00e0 l\u2019horizon une deuxi\u00e8me option de d\u00e9part en Libye. Les nouvelles autorit\u00e9s libyennes ainsi que des cliniques priv\u00e9es souhaitent vivement recruter du personnel m\u00e9dical et param\u00e9dical tunisien, alignant des r\u00e9mun\u00e9rations all\u00e9chantes\u2026<\/p>\n<p>Qu&rsquo;avons-nous fait pour les inciter \u00e0 rester en Tunisie? Ne nous plaignons pas alors de voir nos h\u00f4pitaux et nos cliniques se vider&#8230;<br \/>\u00a0<\/p>\n<p>Auteur:<br \/>\n<a href=\"https:\/\/www.leaders.com.tn\/article\/31629-la-ruee-des-medecins-tunisiens-ce-weekend-vers-la-france-pour-les-epreuves-de-verification-des-connaissances\">Cliquez ici pour lire l&rsquo;article depuis sa source.<\/a><\/p>\n","protected":false},"excerpt":{"rendered":"<p>Les vols \u00e0 destination de Paris sont bond\u00e9s, ce vendredi. A bord, plusieurs dizaines de m\u00e9decins, de divers grades et diff\u00e9rentes sp\u00e9cialit\u00e9s qui partent subir, \u00e0 partir de la semaine prochaine, les \u00e9preuves de v\u00e9rification des connaissances (EVC). Cet examen s\u2019adresse aux praticiens des professions de m\u00e9decin, chirurgien-dentiste, sage-femme et pharmacien titulaires d\u2019un dipl\u00f4me obtenu [&hellip;]<\/p>\n","protected":false},"author":1772,"featured_media":0,"comment_status":"closed","ping_status":"closed","sticky":false,"template":"","format":"standard","meta":{"fifu_image_url":"","fifu_image_alt":"","footnotes":""},"categories":[73,55],"tags":[],"class_list":["post-113775","post","type-post","status-publish","format-standard","hentry","category-actualite","category-tunisie"],"_links":{"self":[{"href":"https:\/\/linitiative.ca\/International\/wp-json\/wp\/v2\/posts\/113775","targetHints":{"allow":["GET"]}}],"collection":[{"href":"https:\/\/linitiative.ca\/International\/wp-json\/wp\/v2\/posts"}],"about":[{"href":"https:\/\/linitiative.ca\/International\/wp-json\/wp\/v2\/types\/post"}],"author":[{"embeddable":true,"href":"https:\/\/linitiative.ca\/International\/wp-json\/wp\/v2\/users\/1772"}],"replies":[{"embeddable":true,"href":"https:\/\/linitiative.ca\/International\/wp-json\/wp\/v2\/comments?post=113775"}],"version-history":[{"count":0,"href":"https:\/\/linitiative.ca\/International\/wp-json\/wp\/v2\/posts\/113775\/revisions"}],"wp:attachment":[{"href":"https:\/\/linitiative.ca\/International\/wp-json\/wp\/v2\/media?parent=113775"}],"wp:term":[{"taxonomy":"category","embeddable":true,"href":"https:\/\/linitiative.ca\/International\/wp-json\/wp\/v2\/categories?post=113775"},{"taxonomy":"post_tag","embeddable":true,"href":"https:\/\/linitiative.ca\/International\/wp-json\/wp\/v2\/tags?post=113775"}],"curies":[{"name":"wp","href":"https:\/\/api.w.org\/{rel}","templated":true}]}}