{"id":113777,"date":"2021-03-26T11:34:16","date_gmt":"2021-03-26T15:34:16","guid":{"rendered":"https:\/\/linitiative.ca\/International\/vigeo-eiris-maroc-recentre-son-activite\/"},"modified":"2021-03-26T11:34:16","modified_gmt":"2021-03-26T15:34:16","slug":"vigeo-eiris-maroc-recentre-son-activite","status":"publish","type":"post","link":"https:\/\/linitiative.ca\/International\/vigeo-eiris-maroc-recentre-son-activite\/","title":{"rendered":"Vigeo Eiris Maroc recentre son activit\u00e9"},"content":{"rendered":"<p><strong>Vigeo Eiris Maroc entame un virage strat\u00e9gique suite \u00e0 son affiliation de sa maison m\u00e8re au groupe Moody\u2019s.<\/strong><\/p>\n<div class=\"c10\">\n<\/div>\n<p>Vigeo Eiris (V.E) recentre son activit\u00e9 d\u00e9sormais sur l\u2019\u00e9valuation et la production des donn\u00e9es ESG et sur la finance durable, suite \u00e0 son affiliation au groupe Moody\u2019s. Vigeo Eiris annonce ainsi son retrait du march\u00e9 de ses produits audit, Label RSE et V.E 26000. L\u2019Agence de notation a pr\u00e9cis\u00e9 qu\u2019elle ne sera plus en mesure d\u2019entreprendre de nouvelles missions relatives \u00e0 ces activit\u00e9s \u00e0 partir du 31 mars 2021, mais qu\u2019elle s\u2019engage \u00e0 finaliser les missions en cours aupr\u00e8s de ses clients actuels d\u2019ici \u00e0 la mi-juin 2021.<\/p>\n<p><strong>Lire aussi| <a href=\"https:\/\/www.challenge.ma\/ramadan-les-autorites-de-casablanca-se-mobilisent-pour-un-approvisionnement-effectif-des-marches-179598\/\" target=\"_blank\" rel=\"noreferrer noopener\">Vigeo<\/a> <a href=\"https:\/\/www.challenge.ma\/ramadan-les-autorites-de-casablanca-se-mobilisent-pour-un-approvisionnement-effectif-des-marches-179598\/\">Eiris acc\u00e9l\u00e8re son d\u00e9veloppement au Maroc\u2026Malgr\u00e9 la Covid-19<\/a><\/strong><\/p>\n<p>\u00ab Cette nouvelle orientation strat\u00e9gique permettra \u00e0 V.E Maroc de recentrer son offre aupr\u00e8s de sa client\u00e8le marocaine, partager les tendances internationales au niveau local et aligner ses activit\u00e9s au reste du groupe\u00bb, a ssur\u00e9 Ghizlaine Nourlil, Directrice Afrique et Moyen Orient chez V.E. L\u2019Agence vise aussi les march\u00e9s africain et moyen-oriental qu\u2019elle entend soutenir depuis le Maroc avec les m\u00eames produits et services \u00e0 destination des \u00e9metteurs et investisseurs au sein des deux r\u00e9gions. \u00ab Nous sommes \u00e9galement convaincus que nos clients accompagn\u00e9s dans le cadre de l\u2019audit, label et V.E 26000 ont aujourd\u2019hui atteint un niveau de maturit\u00e9 et pourront le faire valoir \u00e0 travers de nouveaux m\u00e9canismes ESG. Nous serons ravis de les accompagner dans la continuit\u00e9 de leur parcours ESG\u00bb, a conclu Ghizlaine Nourlil.<\/p>\n<p><strong>Lire aussi| <a href=\"https:\/\/www.challenge.ma\/entrepreneuriat-bank-of-africa-signe-un-partenariat-avec-la-federation-des-chambres-de-commerce-de-lindustrie-et-de-services-du-maroc-179605\/\" target=\"_blank\" rel=\"noreferrer noopener\">Entrepreneuriat : Bank Of Africa signe un partenariat avec la F\u00e9d\u00e9ration des Chambres de Commerce, de l\u2019Industrie et de Services du Maroc<\/a><\/strong><\/p>\n<p>Auteur: challenge<br \/>\n<a href=\"https:\/\/www.challenge.ma\/vigeo-eiris-maroc-recentre-son-activite-179640\/\">Cliquez ici pour lire l&rsquo;article depuis sa source.<\/a><\/p>\n","protected":false},"excerpt":{"rendered":"<p>Vigeo Eiris Maroc entame un virage strat\u00e9gique suite \u00e0 son affiliation de sa maison m\u00e8re au groupe Moody\u2019s. Vigeo Eiris (V.E) recentre son activit\u00e9 d\u00e9sormais sur l\u2019\u00e9valuation et la production des donn\u00e9es ESG et sur la finance durable, suite \u00e0 son affiliation au groupe Moody\u2019s. Vigeo Eiris annonce ainsi son retrait du march\u00e9 de ses [&hellip;]<\/p>\n","protected":false},"author":1787,"featured_media":0,"comment_status":"closed","ping_status":"closed","sticky":false,"template":"","format":"standard","meta":{"fifu_image_url":"","fifu_image_alt":"","footnotes":""},"categories":[78,54],"tags":[],"class_list":["post-113777","post","type-post","status-publish","format-standard","hentry","category-economie","category-maroc"],"_links":{"self":[{"href":"https:\/\/linitiative.ca\/International\/wp-json\/wp\/v2\/posts\/113777","targetHints":{"allow":["GET"]}}],"collection":[{"href":"https:\/\/linitiative.ca\/International\/wp-json\/wp\/v2\/posts"}],"about":[{"href":"https:\/\/linitiative.ca\/International\/wp-json\/wp\/v2\/types\/post"}],"author":[{"embeddable":true,"href":"https:\/\/linitiative.ca\/International\/wp-json\/wp\/v2\/users\/1787"}],"replies":[{"embeddable":true,"href":"https:\/\/linitiative.ca\/International\/wp-json\/wp\/v2\/comments?post=113777"}],"version-history":[{"count":0,"href":"https:\/\/linitiative.ca\/International\/wp-json\/wp\/v2\/posts\/113777\/revisions"}],"wp:attachment":[{"href":"https:\/\/linitiative.ca\/International\/wp-json\/wp\/v2\/media?parent=113777"}],"wp:term":[{"taxonomy":"category","embeddable":true,"href":"https:\/\/linitiative.ca\/International\/wp-json\/wp\/v2\/categories?post=113777"},{"taxonomy":"post_tag","embeddable":true,"href":"https:\/\/linitiative.ca\/International\/wp-json\/wp\/v2\/tags?post=113777"}],"curies":[{"name":"wp","href":"https:\/\/api.w.org\/{rel}","templated":true}]}}