{"id":113780,"date":"2021-03-26T13:29:18","date_gmt":"2021-03-26T17:29:18","guid":{"rendered":"https:\/\/linitiative.ca\/International\/car-of-the-year-morocco-2021-la-2eme-edition-dans-les-starting-blocks\/"},"modified":"2021-03-26T13:29:18","modified_gmt":"2021-03-26T17:29:18","slug":"car-of-the-year-morocco-2021-la-2eme-edition-dans-les-starting-blocks","status":"publish","type":"post","link":"https:\/\/linitiative.ca\/International\/car-of-the-year-morocco-2021-la-2eme-edition-dans-les-starting-blocks\/","title":{"rendered":"Car Of The Year Morocco 2021 : la 2\u00e8me \u00e9dition dans les starting-blocks"},"content":{"rendered":"<p><strong>Les pr\u00e9paratifs ayant trait \u00e0 la 2<sup>\u00e8me<\/sup> \u00e9dition du \u00abCar Of The Year\u00bb (COTY) vont bon train. L\u2019enjeu majeur de cet \u00e9v\u00e9nement consacr\u00e9 \u00e0 l\u2019automobile consistera \u00e0 savoir qui, des 19 pr\u00e9tendantes en lice, succ\u00e9dera \u00e0 la Volvo S60 afin de s\u2019octroyer le titre de voiture de l\u2019ann\u00e9e. Les d\u00e9s seront bient\u00f4t jet\u00e9s.<\/strong><\/p>\n<div class=\"c10\">\n<\/div>\n<p>Apr\u00e8s une premi\u00e8re \u00e9dition qui s\u2019est d\u00e9roul\u00e9e d\u00e9but 2020 sous le sceau du succ\u00e8s, l\u2019Association des importateurs de v\u00e9hicules au Maroc (l\u2019Aivam), les membres du jury et les partenaires engag\u00e9s dans cet \u00e9v\u00e9nement, sont en train d\u2019affiner actuellement les derniers d\u00e9tails pour que cette 2<sup>\u00e8me<\/sup> \u00e9dition puisse se d\u00e9rouler dans d\u2019excellentes conditions. Faut-il souligner que si l\u2019agenda du COTY a \u00e9t\u00e9 quelque peu perturb\u00e9 par la crise sanitaire ambiante, cela n\u2019a en rien r\u00e9fr\u00e9n\u00e9 les ardeurs des professionnels du secteur automobile et de son environnement, qui comme de coutume, jouent pleinement le jeu afin que cette f\u00eate de l\u2019automobile soit un succ\u00e8s plein et entier. D\u2019ailleurs, \u00e0 travers la r\u00e9alisation de ce \u00abCOTY\u00bb Maroc 2021, l\u2019Association des importateurs automobile inscrit pleinement cette action dans le cadre des nombreuses pr\u00e9rogatives qui lui sont allou\u00e9es, au rang desquels la sensibilisation du grand public \u00e0 travers la promotion du secteur automobile.\u00a0<\/p>\n<p><strong>Lire aussi | <a href=\"https:\/\/www.challenge.ma\/ratp-dev-casablanca-se-dote-dune-nouvelle-filiale-dediee-a-linnovation-179650\/\">RATP Dev Casablanca se dote d\u2019une nouvelle filiale d\u00e9di\u00e9e \u00e0 l\u2019innovation<\/a><\/strong><\/p>\n<p>Concr\u00e8tement, cette \u00e9lection d\u00e9butera le 30 mars prochain par l\u2019\u00e9valuation statique des 19 pr\u00e9tendantes. De quoi effectuer pour le jury une premi\u00e8re s\u00e9lection selon des crit\u00e8res d\u2019\u00e9valuation tels que d\u00e9finis par le r\u00e8glement int\u00e9rieur d\u00e9pos\u00e9 aupr\u00e8s du Notaire de l\u2019\u00e9v\u00e9nement, \u00e0 savoir Ma\u00eetre Majid Benjelloun Zahr, et de ne conserver que 7 nomin\u00e9s qui poursuivront l\u2019aventure. Ces derniers devront satisfaire aux essais dynamiques qui auront lieu peu de temps apr\u00e8s. Ce qui permettra \u00e0 ce m\u00eame jury, de par ses votes, de d\u00e9signer la voiture de l\u2019ann\u00e9e 2021. Pr\u00e9cis\u00e9ment, l\u2019heureuse \u00e9lue sera r\u00e9v\u00e9l\u00e9e au plus grand nombre sous format digital le mardi 6 avril 2021. Afin de suivre cet \u00e9v\u00e9nement, un lien de connexion pour le livestream sera diffus\u00e9 par la presse.<\/p>\n<p>Justement, la liste des v\u00e9hicules \u00e9ligibles \u00e0 l\u2019\u00e9lection de la voiture de l\u2019ann\u00e9e 2021 se compose de 19 mod\u00e8les, \u00e0 savoir l\u2019Audi Q3, l\u2019Audi Q3 Sportback, la BMW S\u00e9rie 2 Grand Coup\u00e9, la BMW S\u00e9rie 4 Coup\u00e9, la Ford Focus, le Ford Kuga, la Hyundai Sonata, la Kia K5, la Kia Niro, le Kia Seltos, la Mercedes GLA, le Nissan Juke, l\u2019Opel Corsa, le Peugeot 2008, la Renault Clio 5, le Renault Captur, le Seat Arona, le Skoda Kamiq et la Skoda Scala.<\/p>\n<p>\u00a0<strong>Lire aussi | <a href=\"https:\/\/www.challenge.ma\/le-britannique-sound-energy-sexprime-sur-le-projet-dusine-marocaine-179629\/\">Le britannique Sound Energy s\u2019exprime sur le projet d\u2019usine marocaine<\/a><\/strong><\/p>\n<p>Aussi, le jury du COTY 2021 se compose de Jalil Bennani (Les Inspirations ECO), ce dernier ayant \u00e9t\u00e9 \u00e9lu Pr\u00e9sident du Jury pour cette \u00e9dition du COTY, de Rafik Lahlou (Expert en automobile), de Mohamed Akisra (Le Matin), de Moulay Ahmed Belghiti (L\u2019Economiste), de Mehdi Laaboudi (wandaloo.com), de Leila Benjelloun (Golf du Maroc), de Khadija Dinia (Luxury life Morocco), de Nabil Sba\u00ef Tanji (Auto Magazine), d\u2019Hicham Smyej (La Revue Automobile) et de David J\u00e9r\u00e9mie (Challenge).<\/p>\n<p>A noter que les membres de l\u2019Aivam, via leur communiqu\u00e9, saisissent l\u2019occasion pour remercier leurs partenaires institutionnels, dont Eqdom, Salafin, Sofac, Wafasalaf, Vivalis, ainsi que les membres du Jury pour leur soutien sans faille, aussi bien pour la premi\u00e8re \u00e9dition que pour cette seconde \u00e9dition du COTY 2021, qui s\u2019annonce d\u2019ailleurs sous les meilleurs auspices.<\/p>\n<p>Auteur: David J\u00e9r\u00e9mie<br \/>\n<a href=\"https:\/\/www.challenge.ma\/car-of-the-year-morocco-2021-la-2eme-edition-dans-les-starting-blocks-179666\/\">Cliquez ici pour lire l&rsquo;article depuis sa source.<\/a><\/p>\n","protected":false},"excerpt":{"rendered":"<p>Les pr\u00e9paratifs ayant trait \u00e0 la 2\u00e8me \u00e9dition du \u00abCar Of The Year\u00bb (COTY) vont bon train. L\u2019enjeu majeur de cet \u00e9v\u00e9nement consacr\u00e9 \u00e0 l\u2019automobile consistera \u00e0 savoir qui, des 19 pr\u00e9tendantes en lice, succ\u00e9dera \u00e0 la Volvo S60 afin de s\u2019octroyer le titre de voiture de l\u2019ann\u00e9e. Les d\u00e9s seront bient\u00f4t jet\u00e9s. Apr\u00e8s une [&hellip;]<\/p>\n","protected":false},"author":1787,"featured_media":0,"comment_status":"closed","ping_status":"closed","sticky":false,"template":"","format":"standard","meta":{"fifu_image_url":"","fifu_image_alt":"","footnotes":""},"categories":[78,54],"tags":[],"class_list":["post-113780","post","type-post","status-publish","format-standard","hentry","category-economie","category-maroc"],"_links":{"self":[{"href":"https:\/\/linitiative.ca\/International\/wp-json\/wp\/v2\/posts\/113780","targetHints":{"allow":["GET"]}}],"collection":[{"href":"https:\/\/linitiative.ca\/International\/wp-json\/wp\/v2\/posts"}],"about":[{"href":"https:\/\/linitiative.ca\/International\/wp-json\/wp\/v2\/types\/post"}],"author":[{"embeddable":true,"href":"https:\/\/linitiative.ca\/International\/wp-json\/wp\/v2\/users\/1787"}],"replies":[{"embeddable":true,"href":"https:\/\/linitiative.ca\/International\/wp-json\/wp\/v2\/comments?post=113780"}],"version-history":[{"count":0,"href":"https:\/\/linitiative.ca\/International\/wp-json\/wp\/v2\/posts\/113780\/revisions"}],"wp:attachment":[{"href":"https:\/\/linitiative.ca\/International\/wp-json\/wp\/v2\/media?parent=113780"}],"wp:term":[{"taxonomy":"category","embeddable":true,"href":"https:\/\/linitiative.ca\/International\/wp-json\/wp\/v2\/categories?post=113780"},{"taxonomy":"post_tag","embeddable":true,"href":"https:\/\/linitiative.ca\/International\/wp-json\/wp\/v2\/tags?post=113780"}],"curies":[{"name":"wp","href":"https:\/\/api.w.org\/{rel}","templated":true}]}}