{"id":113781,"date":"2021-03-26T15:05:00","date_gmt":"2021-03-26T19:05:00","guid":{"rendered":"https:\/\/linitiative.ca\/International\/etablissements-de-credit-adoption-dun-projet-de-loi-pour-renforcer-la-supervision-des-groupements-financiers-et-de-la-protection-du-consommateur\/"},"modified":"2021-03-26T15:05:00","modified_gmt":"2021-03-26T19:05:00","slug":"etablissements-de-credit-adoption-dun-projet-de-loi-pour-renforcer-la-supervision-des-groupements-financiers-et-de-la-protection-du-consommateur","status":"publish","type":"post","link":"https:\/\/linitiative.ca\/International\/etablissements-de-credit-adoption-dun-projet-de-loi-pour-renforcer-la-supervision-des-groupements-financiers-et-de-la-protection-du-consommateur\/","title":{"rendered":"\u00c9tablissements de cr\u00e9dit : adoption d\u2019un projet de loi pour renforcer la supervision des groupements financiers et de la protection du consommateur"},"content":{"rendered":"<p><strong>Le Conseil de gouvernement du 25 mars a adopt\u00e9 le projet de loi n\u00b051.20 modifiant et compl\u00e9tant la loi n\u00b0103.12 relative aux \u00e9tablissements de cr\u00e9dit et organismes assimil\u00e9s. Les d\u00e9tails.<br \/><\/strong><br \/>\u00ab\u00a0Pr\u00e9sent\u00e9 par le ministre de l\u2019Economie, des finances et de la r\u00e9forme de l\u2019administration, Mohamed Bencha\u00e2boun, ce projet vise \u00e0 renforcer la supervision des groupements financiers et de la protection du consommateur, en approuvant la publication conjointe \u00e9mise par les instances de surveillance du secteur financier, apr\u00e8s consultation du Comit\u00e9 de coordination et de surveillance des risques syst\u00e9miques (CCRS) au niveau de l\u2019article 21, lequel leur conf\u00e8re un caract\u00e8re r\u00e9glementaire pour mettre en \u0153uvre leurs exigences en mati\u00e8re de groupements financiers\u00a0\u00bb, a expliqu\u00e9 le porte-parole du gouvernement, Saaid Amzazi.<\/p>\n<div class=\"c10\">\n<\/div>\n<p><strong>Lire aussi| <a href=\"https:\/\/www.challenge.ma\/ratp-dev-casablanca-se-dote-dune-nouvelle-filiale-dediee-a-linnovation-179650\/\">RATP Dev Casablanca se dote d\u2019une nouvelle filiale d\u00e9di\u00e9e \u00e0 l\u2019innovation<\/a><\/strong><\/p>\n<p>\u00ab\u00a0Il s\u2019agit de modifier l\u2019article 51, qui permettra au ministre des Finances, conform\u00e9ment aux d\u00e9cisions d\u00e9terminant le taux maximum des int\u00e9r\u00eats conventionnels pour chaque type d\u2019op\u00e9ration de cr\u00e9dit, outre l\u2019ajout d\u2019un paragraphe \u00e0 l\u2019article 112 stipulant que les informations obtenues aupr\u00e8s des autorit\u00e9s \u00e9trang\u00e8res comp\u00e9tentes ne peuvent \u00eatre divulgu\u00e9es par Bank Al-Maghrib sans le consentement de ces autorit\u00e9s et lorsque cela est n\u00e9cessaire exclusivement aux fins convenues par ces autorit\u00e9s\u00a0\u00bb, a-t-il ajout\u00e9.<\/p>\n<p><strong>Lire aussi| <a href=\"https:\/\/www.challenge.ma\/vigeo-eiris-maroc-recentre-son-activite-179640\/\">Vigeo Eiris Maroc recentre son activit\u00e9<\/a><\/strong><\/p>\n<p>Auteur: challenge<br \/>\n<a href=\"https:\/\/www.challenge.ma\/etablissements-de-credit-adoption-dun-projet-de-loi-pour-renforcer-la-supervision-des-groupements-financiers-et-de-la-protection-du-consommateur-179659\/\">Cliquez ici pour lire l&rsquo;article depuis sa source.<\/a><\/p>\n","protected":false},"excerpt":{"rendered":"<p>Le Conseil de gouvernement du 25 mars a adopt\u00e9 le projet de loi n\u00b051.20 modifiant et compl\u00e9tant la loi n\u00b0103.12 relative aux \u00e9tablissements de cr\u00e9dit et organismes assimil\u00e9s. Les d\u00e9tails.\u00ab\u00a0Pr\u00e9sent\u00e9 par le ministre de l\u2019Economie, des finances et de la r\u00e9forme de l\u2019administration, Mohamed Bencha\u00e2boun, ce projet vise \u00e0 renforcer la supervision des groupements financiers [&hellip;]<\/p>\n","protected":false},"author":1787,"featured_media":0,"comment_status":"closed","ping_status":"closed","sticky":false,"template":"","format":"standard","meta":{"fifu_image_url":"","fifu_image_alt":"","footnotes":""},"categories":[78,54],"tags":[],"class_list":["post-113781","post","type-post","status-publish","format-standard","hentry","category-economie","category-maroc"],"_links":{"self":[{"href":"https:\/\/linitiative.ca\/International\/wp-json\/wp\/v2\/posts\/113781","targetHints":{"allow":["GET"]}}],"collection":[{"href":"https:\/\/linitiative.ca\/International\/wp-json\/wp\/v2\/posts"}],"about":[{"href":"https:\/\/linitiative.ca\/International\/wp-json\/wp\/v2\/types\/post"}],"author":[{"embeddable":true,"href":"https:\/\/linitiative.ca\/International\/wp-json\/wp\/v2\/users\/1787"}],"replies":[{"embeddable":true,"href":"https:\/\/linitiative.ca\/International\/wp-json\/wp\/v2\/comments?post=113781"}],"version-history":[{"count":0,"href":"https:\/\/linitiative.ca\/International\/wp-json\/wp\/v2\/posts\/113781\/revisions"}],"wp:attachment":[{"href":"https:\/\/linitiative.ca\/International\/wp-json\/wp\/v2\/media?parent=113781"}],"wp:term":[{"taxonomy":"category","embeddable":true,"href":"https:\/\/linitiative.ca\/International\/wp-json\/wp\/v2\/categories?post=113781"},{"taxonomy":"post_tag","embeddable":true,"href":"https:\/\/linitiative.ca\/International\/wp-json\/wp\/v2\/tags?post=113781"}],"curies":[{"name":"wp","href":"https:\/\/api.w.org\/{rel}","templated":true}]}}